{"id":114104,"date":"2017-05-02T23:37:36","date_gmt":"2017-05-03T01:37:36","guid":{"rendered":"http:\/\/aconteceunovale.com.br\/portal\/?p=114104"},"modified":"2017-05-02T23:37:36","modified_gmt":"2017-05-03T01:37:36","slug":"acidente-entre-tres-veiculos-deixa-uma-pessoa-morta-e-cinco-feridas-em-governador-valadares","status":"publish","type":"post","link":"https:\/\/aconteceunovale.com.br\/portal\/?p=114104","title":{"rendered":"Acidente entre tr\u00eas ve\u00edculos deixa uma pessoa morta e cinco feridas em Governador Valadares"},"content":{"rendered":"<p>Uma pessoa morreu e cinco pessoas ficaram feridas em um acidente envolvendo tr\u00eas carros na BR-381, em Governador Valadares, nesta ter\u00e7a-feira (02\/05\/2017). As v\u00edtimas, que n\u00e3o tiveram as idades divulgadas, ficaram presas \u00e0s ferragens e foram socorridas pelos bombeiros e Samu at\u00e9 um hospital da cidade. <\/p>\n<p>Testemunhas informaram que o motorista de um dos carros seguia sentido Ipatinga, quando invadiu a contram\u00e3o e colidiu contra os outros dois ve\u00edculos. Com o impacto da batida, um dos carros quase atingiu o quintal de uma casa \u00e0s margens da rodovia. A per\u00edcia foi acionada e as causas do acidente ser\u00e3o investigadas.<\/p>\n<p>&#8220;Ainda n\u00e3o apuramos qual foi o motivo que levou esse condutor a trafegar na contram\u00e3o. Pode ser que ele tenha passado mal, tenha dormido, mas s\u00f3 a per\u00edcia e os levantamentos no local que v\u00e3o confirmar&#8221;, disse o inspetor da PRF, Jo\u00e3o Francisco Guedes.<\/p>\n<p><img decoding=\"async\" src=\"http:\/\/aconteceunovale.com.br\/portal\/wp-content\/uploads\/2017\/05\/acidente_gv_02mai_1.jpg\" alt=\"\" \/><em>Acidente envolveu tr\u00eas ve\u00edculos (Foto: Reprodu\u00e7\u00e3o\/Rede Alerta)<\/em><br \/>\n<\/br><\/p>\n<p><img decoding=\"async\" src=\"http:\/\/aconteceunovale.com.br\/portal\/wp-content\/uploads\/2017\/05\/acidente_gv_02mai_2.jpg\" alt=\"\" \/><em>Acidente envolveu tr\u00eas ve\u00edculos (Foto: Reprodu\u00e7\u00e3o\/Inter TV)<\/em><br \/>\n<\/br><\/p>\n<p><strong>VER PRIMEIRO<\/strong><\/p>\n<p><strong>Receba as not\u00edcias do Aconteceu no Vale em primeira m\u00e3o. Clique em curtir no endere\u00e7o <a href=\"https:\/\/www.facebook.com\/aconteceunovale\" target=\"_blank\"><font color=\"red\">www.facebook.com\/aconteceunovale<\/font><\/a> ou no box abaixo:<\/strong><\/p>\n<div class=\"fb-like\" data-href=\"https:\/\/www.facebook.com\/aconteceunovale\" data-width=\"120\" data-layout=\"standard\" data-action=\"like\" data-size=\"small\" data-show-faces=\"true\" data-share=\"true\"><\/div>\n<p><\/br><\/p>\n<p><em>(Fonte: G1 Vales de Minas Gerais)<\/em><\/p>\n","protected":false},"excerpt":{"rendered":"<p>Uma pessoa morreu e cinco pessoas ficaram feridas em um acidente envolvendo tr\u00eas carros na BR-381, em Governador Valadares, nesta ter\u00e7a-feira (02\/05\/2017). As v\u00edtimas, que n\u00e3o tiveram as idades divulgadas, ficaram presas \u00e0s ferragens e foram socorridas pelos bombeiros e Samu at\u00e9 um hospital da cidade. Testemunhas informaram que o motorista de um dos carros [&hellip;]<\/p>\n","protected":false},"author":1,"featured_media":114105,"comment_status":"open","ping_status":"closed","sticky":false,"template":"","format":"standard","meta":{"amp_status":"","footnotes":""},"categories":[121],"tags":[147813,12667,147812,147814,31030,8237,247],"class_list":["post-114104","post","type-post","status-publish","format-standard","has-post-thumbnail","hentry","category-leste","tag-acidente-com-tres-carros-em-governador-valadares","tag-acidente-em-governador-valadares","tag-acidente-entre-tres-veiculos-deixa-uma-pessoa-morta-e-cinco-feridas-em-governador-valadares","tag-acidente-grave-em-governador-valadares","tag-acidente-na-br-381-em-governador-valadares","tag-acidente-na-br-381","tag-governador-valadares"],"_links":{"self":[{"href":"https:\/\/aconteceunovale.com.br\/portal\/index.php?rest_route=\/wp\/v2\/posts\/114104","targetHints":{"allow":["GET"]}}],"collection":[{"href":"https:\/\/aconteceunovale.com.br\/portal\/index.php?rest_route=\/wp\/v2\/posts"}],"about":[{"href":"https:\/\/aconteceunovale.com.br\/portal\/index.php?rest_route=\/wp\/v2\/types\/post"}],"author":[{"embeddable":true,"href":"https:\/\/aconteceunovale.com.br\/portal\/index.php?rest_route=\/wp\/v2\/users\/1"}],"replies":[{"embeddable":true,"href":"https:\/\/aconteceunovale.com.br\/portal\/index.php?rest_route=%2Fwp%2Fv2%2Fcomments&post=114104"}],"version-history":[{"count":0,"href":"https:\/\/aconteceunovale.com.br\/portal\/index.php?rest_route=\/wp\/v2\/posts\/114104\/revisions"}],"wp:featuredmedia":[{"embeddable":true,"href":"https:\/\/aconteceunovale.com.br\/portal\/index.php?rest_route=\/wp\/v2\/media\/114105"}],"wp:attachment":[{"href":"https:\/\/aconteceunovale.com.br\/portal\/index.php?rest_route=%2Fwp%2Fv2%2Fmedia&parent=114104"}],"wp:term":[{"taxonomy":"category","embeddable":true,"href":"https:\/\/aconteceunovale.com.br\/portal\/index.php?rest_route=%2Fwp%2Fv2%2Fcategories&post=114104"},{"taxonomy":"post_tag","embeddable":true,"href":"https:\/\/aconteceunovale.com.br\/portal\/index.php?rest_route=%2Fwp%2Fv2%2Ftags&post=114104"}],"curies":[{"name":"wp","href":"https:\/\/api.w.org\/{rel}","templated":true}]}}