{"id":114091,"date":"2017-05-02T23:08:42","date_gmt":"2017-05-03T01:08:42","guid":{"rendered":"http:\/\/aconteceunovale.com.br\/portal\/?p=114091"},"modified":"2017-05-02T23:08:42","modified_gmt":"2017-05-03T01:08:42","slug":"policia-militar-de-varzelandia-prende-homem-com-carro-roubado","status":"publish","type":"post","link":"https:\/\/aconteceunovale.com.br\/portal\/?p=114091","title":{"rendered":"Pol\u00edcia Militar de Varzel\u00e2ndia prende homem com carro roubado"},"content":{"rendered":"<p>Um homem de 41 anos foi preso nesta ter\u00e7a-feira (02\/05\/2017) em Varzel\u00e2ndia, no Norte de Minas, por recepta\u00e7\u00e3o de um carro roubado. De acordo com a Pol\u00edcia Militar (PM), a pris\u00e3o foi durante patrulhamento no Bairro S\u00e3o Pedro.<\/p>\n<p>O homem, segundo a PM, dirigia uma picape com placas de Belo Horizonte, mas durante consulta no sistema das Pol\u00edcias Federal e Civil, descobriram que o carro havia sido roubado.<\/p>\n<p>A PM afirma que o chassi do ve\u00edculo estava ileg\u00edvel e o motor pertencia a outro carro. O condutor n\u00e3o estava com a documenta\u00e7\u00e3o da picape, mas afirmou aos policias ter comprado na cidade de Ja\u00edba.<\/p>\n<p>O ve\u00edculo foi apreendido e levado ao p\u00e1tio credenciado em S\u00e3o Jo\u00e3o da Ponte. O homem foi encaminhado para a Delegacia de Varzel\u00e2ndia.<\/p>\n<p><img decoding=\"async\" src=\"http:\/\/aconteceunovale.com.br\/portal\/wp-content\/uploads\/2017\/05\/preso_varzelandia.jpg\" alt=\"\" \/><em>Carro foi levado para um p\u00e1tio em S\u00e3o Jo\u00e3o da Ponte (Foto: Pol\u00edcia Militar\/Divulga\u00e7\u00e3o)<\/em><br \/>\n<\/br><\/p>\n<p><strong>VER PRIMEIRO<\/strong><\/p>\n<p><strong>Receba as not\u00edcias do Aconteceu no Vale em primeira m\u00e3o. Clique em curtir no endere\u00e7o <a href=\"https:\/\/www.facebook.com\/aconteceunovale\" target=\"_blank\"><font color=\"red\">www.facebook.com\/aconteceunovale<\/font><\/a> ou no box abaixo:<\/strong><\/p>\n<div class=\"fb-like\" data-href=\"https:\/\/www.facebook.com\/aconteceunovale\" data-width=\"120\" data-layout=\"standard\" data-action=\"like\" data-size=\"small\" data-show-faces=\"true\" data-share=\"true\"><\/div>\n<p><\/br><\/p>\n<p><em>(Fonte: G1 Grande Minas)<\/em><\/p>\n","protected":false},"excerpt":{"rendered":"<p>Um homem de 41 anos foi preso nesta ter\u00e7a-feira (02\/05\/2017) em Varzel\u00e2ndia, no Norte de Minas, por recepta\u00e7\u00e3o de um carro roubado. De acordo com a Pol\u00edcia Militar (PM), a pris\u00e3o foi durante patrulhamento no Bairro S\u00e3o Pedro. O homem, segundo a PM, dirigia uma picape com placas de Belo Horizonte, mas durante consulta no [&hellip;]<\/p>\n","protected":false},"author":1,"featured_media":114092,"comment_status":"open","ping_status":"closed","sticky":false,"template":"","format":"standard","meta":{"amp_status":"","footnotes":""},"categories":[1236],"tags":[1058,147797,147798,127485,2448,1713],"class_list":["post-114091","post","type-post","status-publish","format-standard","has-post-thumbnail","hentry","category-norte_de_minas","tag-jaiba","tag-policia-militar-de-varzelandia-prende-homem-com-carro-roubado","tag-preso-com-carro-roubado-em-varzelandia","tag-preso-em-varzelandia","tag-sao-joao-da-ponte","tag-varzelandia"],"_links":{"self":[{"href":"https:\/\/aconteceunovale.com.br\/portal\/index.php?rest_route=\/wp\/v2\/posts\/114091","targetHints":{"allow":["GET"]}}],"collection":[{"href":"https:\/\/aconteceunovale.com.br\/portal\/index.php?rest_route=\/wp\/v2\/posts"}],"about":[{"href":"https:\/\/aconteceunovale.com.br\/portal\/index.php?rest_route=\/wp\/v2\/types\/post"}],"author":[{"embeddable":true,"href":"https:\/\/aconteceunovale.com.br\/portal\/index.php?rest_route=\/wp\/v2\/users\/1"}],"replies":[{"embeddable":true,"href":"https:\/\/aconteceunovale.com.br\/portal\/index.php?rest_route=%2Fwp%2Fv2%2Fcomments&post=114091"}],"version-history":[{"count":0,"href":"https:\/\/aconteceunovale.com.br\/portal\/index.php?rest_route=\/wp\/v2\/posts\/114091\/revisions"}],"wp:featuredmedia":[{"embeddable":true,"href":"https:\/\/aconteceunovale.com.br\/portal\/index.php?rest_route=\/wp\/v2\/media\/114092"}],"wp:attachment":[{"href":"https:\/\/aconteceunovale.com.br\/portal\/index.php?rest_route=%2Fwp%2Fv2%2Fmedia&parent=114091"}],"wp:term":[{"taxonomy":"category","embeddable":true,"href":"https:\/\/aconteceunovale.com.br\/portal\/index.php?rest_route=%2Fwp%2Fv2%2Fcategories&post=114091"},{"taxonomy":"post_tag","embeddable":true,"href":"https:\/\/aconteceunovale.com.br\/portal\/index.php?rest_route=%2Fwp%2Fv2%2Ftags&post=114091"}],"curies":[{"name":"wp","href":"https:\/\/api.w.org\/{rel}","templated":true}]}}