{"id":114088,"date":"2017-05-02T23:01:40","date_gmt":"2017-05-03T01:01:40","guid":{"rendered":"http:\/\/aconteceunovale.com.br\/portal\/?p=114088"},"modified":"2017-05-02T23:01:40","modified_gmt":"2017-05-03T01:01:40","slug":"aparelhos-sao-furtados-de-posto-de-saude-em-montes-claros","status":"publish","type":"post","link":"https:\/\/aconteceunovale.com.br\/portal\/?p=114088","title":{"rendered":"Aparelhos s\u00e3o furtados de posto de sa\u00fade em Montes Claros"},"content":{"rendered":"<p>A Pol\u00edcia Militar foi acionada na manh\u00e3 desta ter\u00e7a-feira (02\/05\/2017) para atendimento a ocorr\u00eancia de arrombamento e furto no posto de sa\u00fade do Bairro Santa L\u00facia, em Montes Claros. Segundo funcion\u00e1rios, ao chegarem para trabalhar, encontraram a porta da sala de reuni\u00f5es danificada. A televis\u00e3o da recep\u00e7\u00e3o e o ventilador da sala de odontologia foram furtados.<\/p>\n<p>N\u00e3o se sabe quando os materiais foram levados em fun\u00e7\u00e3o do feriado do Dia do Trabalhador, no 1\u00ba de maio. At\u00e9 \u00e0 tarde desta ter\u00e7a-feira, a Pol\u00edcia Militar fazia rastreamento em busca da autoria do crime.<\/p>\n<p>Em nota, a Prefeitura de Montes Claros informou que &#8220;a seguran\u00e7a do PSF est\u00e1 inclu\u00edda nos pr\u00e9dios p\u00fablicos que ter\u00e3o fiscaliza\u00e7\u00e3o eletr\u00f4nica. O projeto est\u00e1 sendo feito para entrar na licita\u00e7\u00e3o. S\u00e3o mais de 200 pr\u00e9dios p\u00fablicos, da\u00ed a necessidade de um maior tempo para finalizar o processo&#8221;.<\/p>\n<p><img decoding=\"async\" src=\"http:\/\/aconteceunovale.com.br\/portal\/wp-content\/uploads\/2017\/05\/roubo_posto_moc.jpeg\" alt=\"\" \/><em>Porta da unidade de sa\u00fade ficou danificada (Foto: Reprodu\u00e7\u00e3o \/ G1)<\/em><br \/>\n<\/br><\/p>\n<p><strong>VER PRIMEIRO<\/strong><\/p>\n<p><strong>Receba as not\u00edcias do Aconteceu no Vale em primeira m\u00e3o. Clique em curtir no endere\u00e7o <a href=\"https:\/\/www.facebook.com\/aconteceunovale\" target=\"_blank\"><font color=\"red\">www.facebook.com\/aconteceunovale<\/font><\/a> ou no box abaixo:<\/strong><\/p>\n<div class=\"fb-like\" data-href=\"https:\/\/www.facebook.com\/aconteceunovale\" data-width=\"120\" data-layout=\"standard\" data-action=\"like\" data-size=\"small\" data-show-faces=\"true\" data-share=\"true\"><\/div>\n<p><\/br><\/p>\n<p><em>(Fonte: G1 Grande Minas)<\/em><\/p>\n","protected":false},"excerpt":{"rendered":"<p>A Pol\u00edcia Militar foi acionada na manh\u00e3 desta ter\u00e7a-feira (02\/05\/2017) para atendimento a ocorr\u00eancia de arrombamento e furto no posto de sa\u00fade do Bairro Santa L\u00facia, em Montes Claros. Segundo funcion\u00e1rios, ao chegarem para trabalhar, encontraram a porta da sala de reuni\u00f5es danificada. A televis\u00e3o da recep\u00e7\u00e3o e o ventilador da sala de odontologia foram [&hellip;]<\/p>\n","protected":false},"author":1,"featured_media":114089,"comment_status":"open","ping_status":"closed","sticky":false,"template":"","format":"standard","meta":{"amp_status":"","footnotes":""},"categories":[1236],"tags":[147793,147794,147795,210,46966,147796],"class_list":["post-114088","post","type-post","status-publish","format-standard","has-post-thumbnail","hentry","category-norte_de_minas","tag-aparelhos-sao-furtados-de-posto-de-saude-em-montes-claros","tag-furto-em-montes-claros","tag-furto-em-posto-de-montes-claros","tag-montes-claros","tag-roubo-em-montes-claros","tag-roubo-em-posto-de-montes-claros"],"_links":{"self":[{"href":"https:\/\/aconteceunovale.com.br\/portal\/index.php?rest_route=\/wp\/v2\/posts\/114088","targetHints":{"allow":["GET"]}}],"collection":[{"href":"https:\/\/aconteceunovale.com.br\/portal\/index.php?rest_route=\/wp\/v2\/posts"}],"about":[{"href":"https:\/\/aconteceunovale.com.br\/portal\/index.php?rest_route=\/wp\/v2\/types\/post"}],"author":[{"embeddable":true,"href":"https:\/\/aconteceunovale.com.br\/portal\/index.php?rest_route=\/wp\/v2\/users\/1"}],"replies":[{"embeddable":true,"href":"https:\/\/aconteceunovale.com.br\/portal\/index.php?rest_route=%2Fwp%2Fv2%2Fcomments&post=114088"}],"version-history":[{"count":0,"href":"https:\/\/aconteceunovale.com.br\/portal\/index.php?rest_route=\/wp\/v2\/posts\/114088\/revisions"}],"wp:featuredmedia":[{"embeddable":true,"href":"https:\/\/aconteceunovale.com.br\/portal\/index.php?rest_route=\/wp\/v2\/media\/114089"}],"wp:attachment":[{"href":"https:\/\/aconteceunovale.com.br\/portal\/index.php?rest_route=%2Fwp%2Fv2%2Fmedia&parent=114088"}],"wp:term":[{"taxonomy":"category","embeddable":true,"href":"https:\/\/aconteceunovale.com.br\/portal\/index.php?rest_route=%2Fwp%2Fv2%2Fcategories&post=114088"},{"taxonomy":"post_tag","embeddable":true,"href":"https:\/\/aconteceunovale.com.br\/portal\/index.php?rest_route=%2Fwp%2Fv2%2Ftags&post=114088"}],"curies":[{"name":"wp","href":"https:\/\/api.w.org\/{rel}","templated":true}]}}