{"id":114079,"date":"2017-05-02T22:44:41","date_gmt":"2017-05-03T00:44:41","guid":{"rendered":"http:\/\/aconteceunovale.com.br\/portal\/?p=114079"},"modified":"2017-05-02T22:44:41","modified_gmt":"2017-05-03T00:44:41","slug":"adolescente-e-detida-com-45kg-de-maconha-em-montes-claros-e-confessa-ja-ter-buscado-drogas-no-paraguai","status":"publish","type":"post","link":"https:\/\/aconteceunovale.com.br\/portal\/?p=114079","title":{"rendered":"Adolescente \u00e9 detida com 4,5kg de maconha em Montes Claros e confessa j\u00e1 ter buscado drogas no Paraguai"},"content":{"rendered":"<p>Uma adolescente de 17 anos foi detida nesta segunda-feira (01\/05\/2017), em Montes Claros, suspeita de tr\u00e1fico de drogas. Para a Pol\u00edcia Militar (PM), ela assumiu ser propriet\u00e1ria de 4,5 kg de maconha apreendidos em um lote no Bairro Major Prates.<\/p>\n<p>Os militares chegaram ao local depois de receberem den\u00fancia an\u00f4nima sobre vendas de drogas. De acordo com a PM, a jovem jogou os tabletes de maconha pela janela de um apartamento no lote vago; parte do material ficou preso na concertina do muro. Com ela, a pol\u00edcia ainda apreendeu duas r\u00e9plicas de arma de fogo.<\/p>\n<p>A menor contou aos militares que transporta drogas entre estados do pa\u00eds e que j\u00e1 chegou a buscar 17 kg de maconha no Paraguai. Ela foi ouvida na delegacia e apresentada ao Minist\u00e9rio P\u00fablico para continuidade das investiga\u00e7\u00f5es.<\/p>\n<p><img decoding=\"async\" src=\"http:\/\/aconteceunovale.com.br\/portal\/wp-content\/uploads\/2017\/05\/droga_moc_menor.jpg\" alt=\"\" \/><em>Adolescente assumiu ser propriet\u00e1ria da droga (Foto: Pol\u00edcia Militar\/Divulga\u00e7\u00e3o)<\/em><br \/>\n<\/br><\/p>\n<p><strong>Bairro Confer\u00eancia Cristo Rei e Vera Cruz<\/strong><\/p>\n<p>Ainda nesta segunda-feira, na Rua Ant\u00f4nio Olinto, um homem de 21 anos foi preso suspeito se ser o propriet\u00e1rio de 14 buchas de maconha, 17 papelotes de maconha e 27 pedras de crack apreendidas; as drogas estavam escondidas em uma caixa de esgoto e em um muro de uma escola.<\/p>\n<p>Durante a ocorr\u00eancia, um adolescente de 16 anos foi apreendido com uma arma. De acordo com a pol\u00edcia, o menor foi ao local da abordagem para levar um rev\u00f3lver para o homem preso. H\u00e1 suspeita \u00e9 de que ele ofereceria a arma aos policiais para n\u00e3o ser conduzido.<\/p>\n<p>Um jovem de 18 anos tamb\u00e9m foi preso por tr\u00e1fico de drogas no Bairro Vera Cruz nesta segunda-feira. A pol\u00edcia apreendeu quatro pedras brutas de crack escondidas na cueca dele. O rapaz estava na garupa de um motociclista, de 22 anos, no momento da abordagem. Com o piloto, nada foi encontrado pelos policiais. O rapaz foi conduzido para a delegacia com a droga.<\/p>\n<p><strong>VER PRIMEIRO<\/strong><\/p>\n<p><strong>Receba as not\u00edcias do Aconteceu no Vale em primeira m\u00e3o. Clique em curtir no endere\u00e7o <a href=\"https:\/\/www.facebook.com\/aconteceunovale\" target=\"_blank\"><font color=\"red\">www.facebook.com\/aconteceunovale<\/font><\/a> ou no box abaixo:<\/strong><\/p>\n<div class=\"fb-like\" data-href=\"https:\/\/www.facebook.com\/aconteceunovale\" data-width=\"120\" data-layout=\"standard\" data-action=\"like\" data-size=\"small\" data-show-faces=\"true\" data-share=\"true\"><\/div>\n<p><\/br><\/p>\n<p><em>(Fonte: G1 Grande Minas)<\/em><\/p>\n","protected":false},"excerpt":{"rendered":"<p>Uma adolescente de 17 anos foi detida nesta segunda-feira (01\/05\/2017), em Montes Claros, suspeita de tr\u00e1fico de drogas. Para a Pol\u00edcia Militar (PM), ela assumiu ser propriet\u00e1ria de 4,5 kg de maconha apreendidos em um lote no Bairro Major Prates. Os militares chegaram ao local depois de receberem den\u00fancia an\u00f4nima sobre vendas de drogas. De [&hellip;]<\/p>\n","protected":false},"author":1,"featured_media":114080,"comment_status":"open","ping_status":"closed","sticky":false,"template":"","format":"standard","meta":{"amp_status":"","footnotes":""},"categories":[1236],"tags":[147784,84150,81953,210,147783,147782,2549,124014],"class_list":["post-114079","post","type-post","status-publish","format-standard","has-post-thumbnail","hentry","category-norte_de_minas","tag-adolescente-e-detida-com-4-5kg-de-maconha-em-montes-claros-e-confessa-ja-ter-buscado-drogas-no-paraguai","tag-apreensao-de-drogas-em-montes-claros","tag-drogas-apreendidas-em-montes-claros","tag-montes-claros","tag-presa-por-trafico-em-montes-claros","tag-traficante-presa-em-montes-claros","tag-trafico-de-drogas-em-montes-claros","tag-trafico-em-montes-claros"],"_links":{"self":[{"href":"https:\/\/aconteceunovale.com.br\/portal\/index.php?rest_route=\/wp\/v2\/posts\/114079","targetHints":{"allow":["GET"]}}],"collection":[{"href":"https:\/\/aconteceunovale.com.br\/portal\/index.php?rest_route=\/wp\/v2\/posts"}],"about":[{"href":"https:\/\/aconteceunovale.com.br\/portal\/index.php?rest_route=\/wp\/v2\/types\/post"}],"author":[{"embeddable":true,"href":"https:\/\/aconteceunovale.com.br\/portal\/index.php?rest_route=\/wp\/v2\/users\/1"}],"replies":[{"embeddable":true,"href":"https:\/\/aconteceunovale.com.br\/portal\/index.php?rest_route=%2Fwp%2Fv2%2Fcomments&post=114079"}],"version-history":[{"count":0,"href":"https:\/\/aconteceunovale.com.br\/portal\/index.php?rest_route=\/wp\/v2\/posts\/114079\/revisions"}],"wp:featuredmedia":[{"embeddable":true,"href":"https:\/\/aconteceunovale.com.br\/portal\/index.php?rest_route=\/wp\/v2\/media\/114080"}],"wp:attachment":[{"href":"https:\/\/aconteceunovale.com.br\/portal\/index.php?rest_route=%2Fwp%2Fv2%2Fmedia&parent=114079"}],"wp:term":[{"taxonomy":"category","embeddable":true,"href":"https:\/\/aconteceunovale.com.br\/portal\/index.php?rest_route=%2Fwp%2Fv2%2Fcategories&post=114079"},{"taxonomy":"post_tag","embeddable":true,"href":"https:\/\/aconteceunovale.com.br\/portal\/index.php?rest_route=%2Fwp%2Fv2%2Ftags&post=114079"}],"curies":[{"name":"wp","href":"https:\/\/api.w.org\/{rel}","templated":true}]}}