{"id":114014,"date":"2017-05-01T18:54:44","date_gmt":"2017-05-01T20:54:44","guid":{"rendered":"http:\/\/aconteceunovale.com.br\/portal\/?p=114014"},"modified":"2017-05-01T18:54:44","modified_gmt":"2017-05-01T20:54:44","slug":"homem-morre-em-acidente-com-carreta-na-br-381-na-rmbh","status":"publish","type":"post","link":"https:\/\/aconteceunovale.com.br\/portal\/?p=114014","title":{"rendered":"Homem morre em acidente com carreta na BR-381, na RMBH"},"content":{"rendered":"<p>Um homem morreu e outro ficou gravemente ferido em um grave acidente na manh\u00e3 desta segunda-feira (1\u00ba de maio de 2017) na BR-381, na altura do trevo de Caet\u00e9, na Regi\u00e3o Metropolitana de Belo Horizonte. A carreta em que os dois estavam saiu da pista e caiu em uma ribanceira. Logo em seguida, o ve\u00edculo, que estava carregado de papel higi\u00eanico e papel toalha, pegou fogo.<\/p>\n<p>A v\u00edtima fatal \u00e9 Rodrigo Lemos Lopes, de 31 anos, que tinha pegado carona na carreta. Ele morreu no local. O motorista do ve\u00edculo, Jos\u00e9 Carlos Fernandes, de 42 anos, sofreu queimaduras em mais da metade do corpo e est\u00e1 internado no Hospital Jo\u00e3o XXIII. Apesar do grave acidente, pessoas invadiram o local para saquear a carga.<\/p>\n<p>O acidente deixou o tr\u00e2nsito bastante lento e com reten\u00e7\u00f5es na BR-381, na altura de Sabar\u00e1, chegando a Belo Horizonte.<\/p>\n<p><img decoding=\"async\" src=\"http:\/\/aconteceunovale.com.br\/portal\/wp-content\/uploads\/2017\/05\/acidente_carreta_381.png\" alt=\"\" \/><em>Carreta capotou e pegou fogo (Foto: Divulga\u00e7\u00e3o\/Corpo de Bombeiros)<\/em><br \/>\n<\/br><\/p>\n<p><strong>VER PRIMEIRO<\/strong><\/p>\n<p><strong>Receba as not\u00edcias do Aconteceu no Vale em primeira m\u00e3o. Clique em curtir no endere\u00e7o <a href=\"https:\/\/www.facebook.com\/aconteceunovale\" target=\"_blank\"><font color=\"red\">www.facebook.com\/aconteceunovale<\/font><\/a> ou no box abaixo:<\/strong><\/p>\n<div class=\"fb-like\" data-href=\"https:\/\/www.facebook.com\/aconteceunovale\" data-width=\"120\" data-layout=\"standard\" data-action=\"like\" data-size=\"small\" data-show-faces=\"true\" data-share=\"true\"><\/div>\n<p><\/br><\/p>\n<p><em>(Fonte: R\u00e1dio Itatiaia \/ Renato Rios Neto)<\/em><\/p>\n","protected":false},"excerpt":{"rendered":"<p>Um homem morreu e outro ficou gravemente ferido em um grave acidente na manh\u00e3 desta segunda-feira (1\u00ba de maio de 2017) na BR-381, na altura do trevo de Caet\u00e9, na Regi\u00e3o Metropolitana de Belo Horizonte. A carreta em que os dois estavam saiu da pista e caiu em uma ribanceira. Logo em seguida, o ve\u00edculo, [&hellip;]<\/p>\n","protected":false},"author":1,"featured_media":114015,"comment_status":"open","ping_status":"closed","sticky":false,"template":"","format":"standard","meta":{"amp_status":"","footnotes":""},"categories":[123],"tags":[68437,147708,147706,147705,147707,147710,147709],"class_list":["post-114014","post","type-post","status-publish","format-standard","has-post-thumbnail","hentry","category-gerais","tag-acidente-em-caete","tag-acidente-na-br-381-em-caete","tag-em-caete","tag-homem-morre-em-acidente-com-carreta-na-br-381","tag-homem-morre-em-acidente-com-carreta-na-br-381-em-caete","tag-jose-carlos-fernandes","tag-rodrigo-lemos-lopes"],"_links":{"self":[{"href":"https:\/\/aconteceunovale.com.br\/portal\/index.php?rest_route=\/wp\/v2\/posts\/114014","targetHints":{"allow":["GET"]}}],"collection":[{"href":"https:\/\/aconteceunovale.com.br\/portal\/index.php?rest_route=\/wp\/v2\/posts"}],"about":[{"href":"https:\/\/aconteceunovale.com.br\/portal\/index.php?rest_route=\/wp\/v2\/types\/post"}],"author":[{"embeddable":true,"href":"https:\/\/aconteceunovale.com.br\/portal\/index.php?rest_route=\/wp\/v2\/users\/1"}],"replies":[{"embeddable":true,"href":"https:\/\/aconteceunovale.com.br\/portal\/index.php?rest_route=%2Fwp%2Fv2%2Fcomments&post=114014"}],"version-history":[{"count":0,"href":"https:\/\/aconteceunovale.com.br\/portal\/index.php?rest_route=\/wp\/v2\/posts\/114014\/revisions"}],"wp:featuredmedia":[{"embeddable":true,"href":"https:\/\/aconteceunovale.com.br\/portal\/index.php?rest_route=\/wp\/v2\/media\/114015"}],"wp:attachment":[{"href":"https:\/\/aconteceunovale.com.br\/portal\/index.php?rest_route=%2Fwp%2Fv2%2Fmedia&parent=114014"}],"wp:term":[{"taxonomy":"category","embeddable":true,"href":"https:\/\/aconteceunovale.com.br\/portal\/index.php?rest_route=%2Fwp%2Fv2%2Fcategories&post=114014"},{"taxonomy":"post_tag","embeddable":true,"href":"https:\/\/aconteceunovale.com.br\/portal\/index.php?rest_route=%2Fwp%2Fv2%2Ftags&post=114014"}],"curies":[{"name":"wp","href":"https:\/\/api.w.org\/{rel}","templated":true}]}}