{"id":113818,"date":"2017-04-28T00:51:03","date_gmt":"2017-04-28T02:51:03","guid":{"rendered":"http:\/\/aconteceunovale.com.br\/portal\/?p=113818"},"modified":"2017-04-28T00:51:03","modified_gmt":"2017-04-28T02:51:03","slug":"servidor-publico-que-acumula-cargo-pode-receber-mais-que-o-teto-decide-stf","status":"publish","type":"post","link":"https:\/\/aconteceunovale.com.br\/portal\/?p=113818","title":{"rendered":"Servidor p\u00fablico que acumula cargo pode receber mais que o teto, decide STF"},"content":{"rendered":"<p>O Supremo Tribunal Federal (STF) decidiu hoje (27\/04\/2017), por 10 votos a 1, mudar o entendimento sobre a incid\u00eancia do teto salarial para servidores que podem acumular cargos efetivos.<\/p>\n<p>De acordo com decis\u00e3o, o c\u00e1lculo do teto vale para cada sal\u00e1rio isoladamente, e n\u00e3o sobre a soma das remunera\u00e7\u00f5es. Na pr\u00e1tica, estes servidores poder\u00e3o ganhar mais que R$ 33,7 mil, valor dos sal\u00e1rios dos pr\u00f3prios ministros do Supremo, valor m\u00e1ximo para pagamento de sal\u00e1rio a funcion\u00e1rios p\u00fablicos.<\/p>\n<p>A decis\u00e3o da Corte tamb\u00e9m ter\u00e1 impacto no Judici\u00e1rio e no Minist\u00e9rio P\u00fablico, porque muitos ju\u00edzes e promotores tamb\u00e9m s\u00e3o professores em universidades p\u00fablicas, inclusive, alguns ministros do STF.<\/p>\n<p>No julgamento, a maioria dos ministros decidiu que um servidor n\u00e3o pode ficar sem receber remunera\u00e7\u00e3o total pelo servi\u00e7o prestado, se a pr\u00f3pria Constitui\u00e7\u00e3o autoriza a acumula\u00e7\u00e3o l\u00edcita dos cargos. De acordo com a Carta Manga, professores, m\u00e9dicos e outros profissionais da sa\u00fade podem acumular dois cargos efetivos no servi\u00e7o p\u00fablico, desde que o trabalho seja realizado em hor\u00e1rio compat\u00edvel.<\/p>\n<p>A Corte julgou dois recursos de servidores p\u00fablicos do Mato Grosso. Nos dois casos, o governo do estado recorreu para tentar derrubar decis\u00e3o da Justi\u00e7a local que autorizou o corte isolado do sal\u00e1rio com base no teto constitucional.<\/p>\n<p>Votaram a favor da nova incid\u00eancia do teto os ministros Marco Aur\u00e9lio, Alexandre de Moraes, Lu\u00eds Roberto Barroso, Rosa Weber, Luiz Fux, Dias Toffoli, Ricardo Lewandowski, Gilmar Mendes, Celso de Mello e a presidente do STF, ministra C\u00e1rmen L\u00facia.<\/p>\n<p>O \u00fanico voto contra a libera\u00e7\u00e3o do teto foi proferido pelo ministro Edson Fachin. Para o ministro, a garantia a constitucional da irredutibilidade dos sal\u00e1rios n\u00e3o pode ser invocado para que o pagamento ultrapasse o teto constitucional.<\/p>\n<p>Uns dos votos a favor da tese, o ministro Lu\u00eds Roberto Barroso entendeu que \u00e9 ilegal o servidor trabalhar e n\u00e3o receber integralmente seu sal\u00e1rio, sendo que a acumula\u00e7\u00e3o dos cargos \u00e9 autorizada. \u201c\u00c9 inconstitucional a Constitui\u00e7\u00e3o, por emenda, dizer que um determinado trabalho leg\u00edtimo, por ela autorizado, n\u00e3o v\u00e1 ser remunerado&#8221;, disse.<\/p>\n<p>Ricardo Lewandowski tamb\u00e9m votou com a maioria e disse que, se servidor deve receber efetivamente pelo seu trabalho, n\u00e3o pode ter uma remunera\u00e7\u00e3o \u201c\u00ednfima ou irris\u00f3ria\u201d.<\/p>\n<p>\u201cA pessoa trabalha um quarto de s\u00e9culo para o Estado, contribui para a Previd\u00eancia Social, e depois, na hora de aposentar, n\u00e3o pode se aposentar integralmente, est\u00e1 sujeito ao teto. Evidentemente, isso n\u00e3o \u00e9 poss\u00edvel do ponto de vista constitucional&#8221;, disse o ministro.<\/p>\n<p>No texto original da Constitui\u00e7\u00e3o, a acumula\u00e7\u00e3o de cargos p\u00fablicos era proibida. No entanto, uma Emenda Constitucional promulgada em 1998 autorizou a acumula\u00e7\u00e3o somente para professores e profissionais da sa\u00fade.<\/p>\n<p><strong>VER PRIMEIRO<\/strong><\/p>\n<p><strong>Receba as not\u00edcias do Aconteceu no Vale em primeira m\u00e3o. Clique em curtir no endere\u00e7o <a href=\"https:\/\/www.facebook.com\/aconteceunovale\" target=\"_blank\"><font color=\"red\">www.facebook.com\/aconteceunovale<\/font><\/a> ou no box abaixo:<\/strong><\/p>\n<div class=\"fb-like\" data-href=\"https:\/\/www.facebook.com\/aconteceunovale\" data-width=\"120\" data-layout=\"standard\" data-action=\"like\" data-size=\"small\" data-show-faces=\"true\" data-share=\"true\"><\/div>\n<p><\/br><\/p>\n<p><em>(Fonte: Ag\u00eancia Brasil)<\/em><\/p>\n","protected":false},"excerpt":{"rendered":"<p>O Supremo Tribunal Federal (STF) decidiu hoje (27\/04\/2017), por 10 votos a 1, mudar o entendimento sobre a incid\u00eancia do teto salarial para servidores que podem acumular cargos efetivos. De acordo com decis\u00e3o, o c\u00e1lculo do teto vale para cada sal\u00e1rio isoladamente, e n\u00e3o sobre a soma das remunera\u00e7\u00f5es. Na pr\u00e1tica, estes servidores poder\u00e3o ganhar [&hellip;]<\/p>\n","protected":false},"author":1,"featured_media":113819,"comment_status":"open","ping_status":"closed","sticky":false,"template":"","format":"standard","meta":{"amp_status":"","footnotes":""},"categories":[6],"tags":[35211,77984,35140,78139,116405,20274,77983,47612,147433,35138,77985,17309,28512,35139,147432,56667,28511,28510,147434],"class_list":["post-113818","post","type-post","status-publish","format-standard","has-post-thumbnail","hentry","category-br","tag-alexandre-de-moraes","tag-carmen-lucia","tag-celso-de-mello","tag-decide-stf","tag-decisao","tag-dias-toffoli","tag-edson-fachin","tag-gilmar-mendes","tag-incidencia-do-teto-salarial-para-servidores","tag-luis-roberto-barroso","tag-luiz-fux","tag-marco-aurelio","tag-ricardo-lewandowski","tag-rosa-weber","tag-servidor-publico-que-acumula-cargo-pode-receber-mais-que-o-teto","tag-servidores-publicos","tag-stf","tag-supremo-tribunal-federal","tag-teto-constitucional"],"_links":{"self":[{"href":"https:\/\/aconteceunovale.com.br\/portal\/index.php?rest_route=\/wp\/v2\/posts\/113818","targetHints":{"allow":["GET"]}}],"collection":[{"href":"https:\/\/aconteceunovale.com.br\/portal\/index.php?rest_route=\/wp\/v2\/posts"}],"about":[{"href":"https:\/\/aconteceunovale.com.br\/portal\/index.php?rest_route=\/wp\/v2\/types\/post"}],"author":[{"embeddable":true,"href":"https:\/\/aconteceunovale.com.br\/portal\/index.php?rest_route=\/wp\/v2\/users\/1"}],"replies":[{"embeddable":true,"href":"https:\/\/aconteceunovale.com.br\/portal\/index.php?rest_route=%2Fwp%2Fv2%2Fcomments&post=113818"}],"version-history":[{"count":0,"href":"https:\/\/aconteceunovale.com.br\/portal\/index.php?rest_route=\/wp\/v2\/posts\/113818\/revisions"}],"wp:featuredmedia":[{"embeddable":true,"href":"https:\/\/aconteceunovale.com.br\/portal\/index.php?rest_route=\/wp\/v2\/media\/113819"}],"wp:attachment":[{"href":"https:\/\/aconteceunovale.com.br\/portal\/index.php?rest_route=%2Fwp%2Fv2%2Fmedia&parent=113818"}],"wp:term":[{"taxonomy":"category","embeddable":true,"href":"https:\/\/aconteceunovale.com.br\/portal\/index.php?rest_route=%2Fwp%2Fv2%2Fcategories&post=113818"},{"taxonomy":"post_tag","embeddable":true,"href":"https:\/\/aconteceunovale.com.br\/portal\/index.php?rest_route=%2Fwp%2Fv2%2Ftags&post=113818"}],"curies":[{"name":"wp","href":"https:\/\/api.w.org\/{rel}","templated":true}]}}