{"id":113774,"date":"2017-04-27T20:14:07","date_gmt":"2017-04-27T22:14:07","guid":{"rendered":"http:\/\/aconteceunovale.com.br\/portal\/?p=113774"},"modified":"2017-04-27T20:14:07","modified_gmt":"2017-04-27T22:14:07","slug":"policia-de-meio-ambiente-recolhe-cavalos-que-pastavam-no-parque-da-lapa-grande-em-montes-claros","status":"publish","type":"post","link":"https:\/\/aconteceunovale.com.br\/portal\/?p=113774","title":{"rendered":"Pol\u00edcia de Meio Ambiente recolhe cavalos que pastavam no Parque da Lapa Grande, em Montes Claros"},"content":{"rendered":"<p>Sete cavalos que estavam pastando no Parque Estadual da Lapa Grande, em Montes Claros, foram apreendidos e levados para o curral municipal nesta quarta-feira (26\/04\/2017), pela Pol\u00edcia Militar de Meio Ambiente. De acordo com a gerente do parque, os cavalos foram encontrados pelos fiscais durante rondas de rotina pela unidade de conserva\u00e7\u00e3o. A presen\u00e7a de animais dom\u00e9sticos no parque \u00e9 proibida em fun\u00e7\u00e3o das nascentes e \u00e1reas de regenera\u00e7\u00e3o de plantas nativas.<\/p>\n<p>\u201cTemos dois funcion\u00e1rios que fazem rondas di\u00e1rias pelo parque; em uma dessas rondas, percebemos a presen\u00e7a dos cavalos. Isso gera v\u00e1rios problemas para a conserva\u00e7\u00e3o das nascentes e flora. Nas nascentes, os animais pisoteiam a \u00e1rea e muitas delas n\u00e3o sobrevivem. Eles tamb\u00e9m comem e pisoteiam os brotos que est\u00e3o junto ao capim. Com isso, eles impedem a regenera\u00e7\u00e3o natural da \u00e1rea. No \u00faltimo plantio que fizemos, havia bois pisoteando a \u00e1rea\u201d, explica a gerente do Parque, Elis\u00e2ngela Alves Mota Chinelato.<\/p>\n<p><img decoding=\"async\" src=\"http:\/\/aconteceunovale.com.br\/portal\/wp-content\/uploads\/2017\/04\/cavalos_moc_1.jpg\" alt=\"\" \/><em>Cavalos estavam pastando em \u00e1rea de conserva\u00e7\u00e3o (Foto: Pol\u00edcia Militar\/Divulga\u00e7\u00e3o)<\/em><br \/>\n<\/br><\/p>\n<p>Segundo a gerente, a presen\u00e7a de animais na \u00e1rea \u00e9 sazonal. Em per\u00edodos de seca, o problema aumenta. \u201cTemos de fazer um trabalho de monitoramento constante, apesar de muitos propriet\u00e1rios saberem da proibi\u00e7\u00e3o. A Pol\u00edcia Militar \u00e9 chamada para registro da ocorr\u00eancia e, quando identificamos de quem \u00e9 o animal, levamos o caso ao conhecimento da Promotoria de Meio Ambiente, que intima os propriet\u00e1rios. H\u00e1 casos de reincid\u00eancia, onde os donos perdem a propriedade dos animais\u201d, detalha.<\/p>\n<p>Os cavalos levados ao curral municipal nesta quarta-feira n\u00e3o estavam identificados.<\/p>\n<p><strong>Parque Estadual da Lapa Grande<\/strong><\/p>\n<p>A \u00e1rea da unidade de conserva\u00e7\u00e3o tem 15.320 hectares. Atualmente, o parque est\u00e1 fechado \u00e0 visita\u00e7\u00e3o com previs\u00e3o de reabertura ainda no m\u00eas de maio, com a presen\u00e7a de 21 novas contrata\u00e7\u00f5es.<\/p>\n<p><img decoding=\"async\" src=\"http:\/\/aconteceunovale.com.br\/portal\/wp-content\/uploads\/2017\/04\/cavalos_moc_2.jpg\" alt=\"\" \/><em>Replantio das mudas no Parque da Lapa Grande (Foto: Parque da Lapa Grande\/Divulga\u00e7\u00e3o)<\/em><br \/>\n<\/br><\/p>\n<p><strong>VER PRIMEIRO<\/strong><\/p>\n<p><strong>Receba as not\u00edcias do Aconteceu no Vale em primeira m\u00e3o. Clique em curtir no endere\u00e7o <a href=\"https:\/\/www.facebook.com\/aconteceunovale\" target=\"_blank\"><font color=\"red\">www.facebook.com\/aconteceunovale<\/font><\/a> ou no box abaixo:<\/strong><\/p>\n<div class=\"fb-like\" data-href=\"https:\/\/www.facebook.com\/aconteceunovale\" data-width=\"120\" data-layout=\"standard\" data-action=\"like\" data-size=\"small\" data-show-faces=\"true\" data-share=\"true\"><\/div>\n<p><\/br><\/p>\n<p><em>(Fonte: G1 Grande Minas)<\/em><\/p>\n","protected":false},"excerpt":{"rendered":"<p>Sete cavalos que estavam pastando no Parque Estadual da Lapa Grande, em Montes Claros, foram apreendidos e levados para o curral municipal nesta quarta-feira (26\/04\/2017), pela Pol\u00edcia Militar de Meio Ambiente. De acordo com a gerente do parque, os cavalos foram encontrados pelos fiscais durante rondas de rotina pela unidade de conserva\u00e7\u00e3o. A presen\u00e7a de [&hellip;]<\/p>\n","protected":false},"author":1,"featured_media":113775,"comment_status":"open","ping_status":"closed","sticky":false,"template":"","format":"standard","meta":{"amp_status":"","footnotes":""},"categories":[1236],"tags":[147369,147370,147371,66077,210,3255,147372,147373],"class_list":["post-113774","post","type-post","status-publish","format-standard","has-post-thumbnail","hentry","category-norte_de_minas","tag-apreensao-de-cavalos-em-montes-claros","tag-cavalos-apreendidos-em-montes-claros","tag-elisangela-alves-mota-chinelato","tag-em-montes-claros","tag-montes-claros","tag-parque-estadual-da-lapa-grande","tag-policia-de-meio-ambiente-recolhe-cavalos-que-pastavam-no-parque-da-lapa-grande","tag-policia-de-meio-ambiente-recolhe-cavalos-que-pastavam-no-parque-da-lapa-grande-em-montes-claros"],"_links":{"self":[{"href":"https:\/\/aconteceunovale.com.br\/portal\/index.php?rest_route=\/wp\/v2\/posts\/113774","targetHints":{"allow":["GET"]}}],"collection":[{"href":"https:\/\/aconteceunovale.com.br\/portal\/index.php?rest_route=\/wp\/v2\/posts"}],"about":[{"href":"https:\/\/aconteceunovale.com.br\/portal\/index.php?rest_route=\/wp\/v2\/types\/post"}],"author":[{"embeddable":true,"href":"https:\/\/aconteceunovale.com.br\/portal\/index.php?rest_route=\/wp\/v2\/users\/1"}],"replies":[{"embeddable":true,"href":"https:\/\/aconteceunovale.com.br\/portal\/index.php?rest_route=%2Fwp%2Fv2%2Fcomments&post=113774"}],"version-history":[{"count":0,"href":"https:\/\/aconteceunovale.com.br\/portal\/index.php?rest_route=\/wp\/v2\/posts\/113774\/revisions"}],"wp:featuredmedia":[{"embeddable":true,"href":"https:\/\/aconteceunovale.com.br\/portal\/index.php?rest_route=\/wp\/v2\/media\/113775"}],"wp:attachment":[{"href":"https:\/\/aconteceunovale.com.br\/portal\/index.php?rest_route=%2Fwp%2Fv2%2Fmedia&parent=113774"}],"wp:term":[{"taxonomy":"category","embeddable":true,"href":"https:\/\/aconteceunovale.com.br\/portal\/index.php?rest_route=%2Fwp%2Fv2%2Fcategories&post=113774"},{"taxonomy":"post_tag","embeddable":true,"href":"https:\/\/aconteceunovale.com.br\/portal\/index.php?rest_route=%2Fwp%2Fv2%2Ftags&post=113774"}],"curies":[{"name":"wp","href":"https:\/\/api.w.org\/{rel}","templated":true}]}}