{"id":113762,"date":"2017-04-27T18:48:26","date_gmt":"2017-04-27T20:48:26","guid":{"rendered":"http:\/\/aconteceunovale.com.br\/portal\/?p=113762"},"modified":"2017-04-27T18:48:26","modified_gmt":"2017-04-27T20:48:26","slug":"homem-e-preso-apos-agredir-ex-esposa-por-causa-de-tampa-de-panela-em-antonio-dias","status":"publish","type":"post","link":"https:\/\/aconteceunovale.com.br\/portal\/?p=113762","title":{"rendered":"Homem \u00e9 preso ap\u00f3s agredir ex-esposa por causa de tampa de panela em Ant\u00f4nio Dias"},"content":{"rendered":"<p>Um homem de 49 anos foi preso ap\u00f3s agredir a ex-companheira em Ant\u00f4nio Dias, regi\u00e3o do Rio Doce, nessa quarta-feira (26). As agress\u00f5es aconteceram depois que a v\u00edtima perdeu a tampa de uma panela.<\/p>\n<p>Por mais de dois meses, o casal viveu bem em um im\u00f3vel na Fazenda S\u00e1 Carvalho, zona rural da cidade. No entanto, o relacionamento n\u00e3o deu certo e eles optaram pela separa\u00e7\u00e3o.<\/p>\n<p>&#8220;Mesmo depois de separados, eles continuaram a viver nessa casa. Falavam por aqui que eram amigos e n\u00e3o mantinham rela\u00e7\u00f5es (sexuais). A gente n\u00e3o ouvia briga l\u00e1 dentro. S\u00f3 que na ter\u00e7a-feira, por volta das 19h, houve um desentendimento, mas n\u00e3o deu para entender o que era&#8221;, contou um morador da \u00e1rea, que pediu para n\u00e3o ter o nome divulgado.<\/p>\n<p>A discuss\u00e3o varou a madrugada e, no meio do atrito, o suspeito come\u00e7ou agredir a v\u00edtima com socos e chutes. A mulher conseguiu fugir e procurou \u00e0 pol\u00edcia no centro da cidade, a cerca de 12 quil\u00f4metros quil\u00f4metros da fazenda. Ela apresentava um hematoma na parte direita do quadril.<\/p>\n<p>Policiais deslocaram at\u00e9 a resid\u00eancia e efetuaram a pris\u00e3o do suspeito. No local foram encontrados uma espingarda desmontada, espoletas, chumbo, p\u00f3lvoras e cartuchos de armas calibres 28, 32 e 36.<\/p>\n<p>&#8220;Via ele sempre montando algumas coisas no quintal, mas n\u00e3o imaginei que fosse arma. Foi uma surpresa essa confus\u00e3o toda, n\u00e3o estamos acostumados com isso&#8221;, afirmou o vizinho do ex-casal.<\/p>\n<p><strong>P\u00e1ssaros<\/strong><\/p>\n<p>Ainda durante buscas no local, a equipe policial encontrou p\u00e1ssaros silvestres, sendo um trica-ferro e um coleiro, tamb\u00e9m conhecido como &#8220;papa-arroz&#8221;. O homem mantinha as aves em cativeiro, mas n\u00e3o tinha licen\u00e7a para criar os animais.<\/p>\n<p>O suspeito e o material apreendido foram encaminhados \u00e0 delegacia de Ipatinga, na mesma regi\u00e3o.<\/p>\n<p><strong>VER PRIMEIRO<\/strong><\/p>\n<p><strong>Receba as not\u00edcias do Aconteceu no Vale em primeira m\u00e3o. Clique em curtir no endere\u00e7o <a href=\"https:\/\/www.facebook.com\/aconteceunovale\" target=\"_blank\"><font color=\"red\">www.facebook.com\/aconteceunovale<\/font><\/a> ou no box abaixo:<\/strong><\/p>\n<div class=\"fb-like\" data-href=\"https:\/\/www.facebook.com\/aconteceunovale\" data-width=\"120\" data-layout=\"standard\" data-action=\"like\" data-size=\"small\" data-show-faces=\"true\" data-share=\"true\"><\/div>\n<p><\/br><\/p>\n<p><em>(Fonte: O Tempo \/ Carolina Caetano)<\/em><\/p>\n","protected":false},"excerpt":{"rendered":"<p>Um homem de 49 anos foi preso ap\u00f3s agredir a ex-companheira em Ant\u00f4nio Dias, regi\u00e3o do Rio Doce, nessa quarta-feira (26). As agress\u00f5es aconteceram depois que a v\u00edtima perdeu a tampa de uma panela. Por mais de dois meses, o casal viveu bem em um im\u00f3vel na Fazenda S\u00e1 Carvalho, zona rural da cidade. No [&hellip;]<\/p>\n","protected":false},"author":1,"featured_media":71442,"comment_status":"open","ping_status":"closed","sticky":false,"template":"","format":"standard","meta":{"amp_status":"","footnotes":""},"categories":[121],"tags":[1740,147357,147359,147358,147360],"class_list":["post-113762","post","type-post","status-publish","format-standard","has-post-thumbnail","hentry","category-leste","tag-antonio-dias","tag-homem-e-preso-apos-agredir-ex-esposa-por-causa-de-tampa-de-panela-em-antonio-dias","tag-ocorrencia-em-antonio-dias","tag-preso-em-antonio-dias","tag-preso-por-bater-em-mulher-em-antonio-dias"],"_links":{"self":[{"href":"https:\/\/aconteceunovale.com.br\/portal\/index.php?rest_route=\/wp\/v2\/posts\/113762","targetHints":{"allow":["GET"]}}],"collection":[{"href":"https:\/\/aconteceunovale.com.br\/portal\/index.php?rest_route=\/wp\/v2\/posts"}],"about":[{"href":"https:\/\/aconteceunovale.com.br\/portal\/index.php?rest_route=\/wp\/v2\/types\/post"}],"author":[{"embeddable":true,"href":"https:\/\/aconteceunovale.com.br\/portal\/index.php?rest_route=\/wp\/v2\/users\/1"}],"replies":[{"embeddable":true,"href":"https:\/\/aconteceunovale.com.br\/portal\/index.php?rest_route=%2Fwp%2Fv2%2Fcomments&post=113762"}],"version-history":[{"count":0,"href":"https:\/\/aconteceunovale.com.br\/portal\/index.php?rest_route=\/wp\/v2\/posts\/113762\/revisions"}],"wp:featuredmedia":[{"embeddable":true,"href":"https:\/\/aconteceunovale.com.br\/portal\/index.php?rest_route=\/wp\/v2\/media\/71442"}],"wp:attachment":[{"href":"https:\/\/aconteceunovale.com.br\/portal\/index.php?rest_route=%2Fwp%2Fv2%2Fmedia&parent=113762"}],"wp:term":[{"taxonomy":"category","embeddable":true,"href":"https:\/\/aconteceunovale.com.br\/portal\/index.php?rest_route=%2Fwp%2Fv2%2Fcategories&post=113762"},{"taxonomy":"post_tag","embeddable":true,"href":"https:\/\/aconteceunovale.com.br\/portal\/index.php?rest_route=%2Fwp%2Fv2%2Ftags&post=113762"}],"curies":[{"name":"wp","href":"https:\/\/api.w.org\/{rel}","templated":true}]}}