{"id":113759,"date":"2017-04-27T18:58:02","date_gmt":"2017-04-27T20:58:02","guid":{"rendered":"http:\/\/aconteceunovale.com.br\/portal\/?p=113759"},"modified":"2017-04-27T18:58:02","modified_gmt":"2017-04-27T20:58:02","slug":"sete-imagens-de-santos-catolicos-sao-encontradas-dentro-de-ribeirao-em-minas","status":"publish","type":"post","link":"https:\/\/aconteceunovale.com.br\/portal\/?p=113759","title":{"rendered":"Sete imagens de santos cat\u00f3licos s\u00e3o encontradas dentro de ribeir\u00e3o em Minas"},"content":{"rendered":"<p>Sete imagens sacras foram encontradas dentro de um ribeir\u00e3o em Porto Firme, na Zona da Mata, na manh\u00e3 desta quinta-feira (27\/04\/2017). Conforme informou a Pol\u00edcia Militar (PM), as pe\u00e7as n\u00e3o foram furtadas ou roubadas da igreja da cidade.<\/p>\n<p>Ainda n\u00e3o se sabe se elas foram roubadas ou furtadas de algum artista ou de alguma loja do munic\u00edpio. At\u00e9 o momento, ningu\u00e9m registrou um boletim de ocorr\u00eancia relacionado as pe\u00e7as.<\/p>\n<p>As imagens dos sete santos da Igreja Cat\u00f3lica, sendo seis confeccionadas a partir de gesso e uma do cimento, foram encontradas, por volta de 9h, por pessoas que passavam pelo local.<\/p>\n<p>&#8220;Assim que fomos chamados, fomos at\u00e9 o local e constatamos que a den\u00fancia era verdadeira. Acionamos a per\u00edcia t\u00e9cnica e em seguida as pe\u00e7as foram retiradas da \u00e1gua. Agora, elas ser\u00e3o levadas para a Delegacia de Pol\u00edcia Civil de Piranga&#8221;, explicou o sargento Luiz Ant\u00f4nio Peixoto.<\/p>\n<p><img decoding=\"async\" src=\"http:\/\/aconteceunovale.com.br\/portal\/wp-content\/uploads\/2017\/04\/santos_pontofirme_1.jpg\" alt=\"\" \/><em>Imagens sacras encontradas em Porto Firme (Foto: Pol\u00edcia Militar\/Divulga\u00e7\u00e3o)<\/em><br \/>\n<\/br><\/p>\n<p><strong>Imagens<\/strong><\/p>\n<p>Ainda segundo a pol\u00edcia as pe\u00e7as possuem tamanhos variados, sendo que a maior delas chega a uma altura de um metro. Entre elas est\u00e1 a imagem do Imaculado Cora\u00e7\u00e3o de Jesus.<\/p>\n<p><strong>F\u00e9<\/strong><\/p>\n<p>Para os fi\u00e9is cat\u00f3licos, o encontro dos santos nas \u00e1guas do ribeir\u00e3o da cidade pode ser um sinal positivo. Isso porque h\u00e1 300 anos a imagem de Nossa Senhora Aparecida foi encontrada dentro do rio Para\u00edba, em S\u00e3o Paulo. <\/p>\n<p>At\u00e9 hoje, a santa da Igreja Cat\u00f3lica leva milhares de fi\u00e9is no dia 12 de outubro at\u00e9 o santu\u00e1rio criado para abrigar a sua imagem, encontrada em 1717 nas \u00e1guas do rio.<\/p>\n<p><img decoding=\"async\" src=\"http:\/\/aconteceunovale.com.br\/portal\/wp-content\/uploads\/2017\/04\/santos_pontofirme_2.jpg\" alt=\"\" \/><em>Imagens sacras encontradas em Porto Firme (Foto: Pol\u00edcia Militar\/Divulga\u00e7\u00e3o)<\/em><br \/>\n<\/br><\/p>\n<p><strong>VER PRIMEIRO<\/strong><\/p>\n<p><strong>Receba as not\u00edcias do Aconteceu no Vale em primeira m\u00e3o. Clique em curtir no endere\u00e7o <a href=\"https:\/\/www.facebook.com\/aconteceunovale\" target=\"_blank\"><font color=\"red\">www.facebook.com\/aconteceunovale<\/font><\/a> ou no box abaixo:<\/strong><\/p>\n<div class=\"fb-like\" data-href=\"https:\/\/www.facebook.com\/aconteceunovale\" data-width=\"120\" data-layout=\"standard\" data-action=\"like\" data-size=\"small\" data-show-faces=\"true\" data-share=\"true\"><\/div>\n<p><\/br><\/p>\n<p><em>(Fonte: O Tempo \/ Camila Kifer)<\/em><\/p>\n","protected":false},"excerpt":{"rendered":"<p>Sete imagens sacras foram encontradas dentro de um ribeir\u00e3o em Porto Firme, na Zona da Mata, na manh\u00e3 desta quinta-feira (27\/04\/2017). Conforme informou a Pol\u00edcia Militar (PM), as pe\u00e7as n\u00e3o foram furtadas ou roubadas da igreja da cidade. Ainda n\u00e3o se sabe se elas foram roubadas ou furtadas de algum artista ou de alguma loja [&hellip;]<\/p>\n","protected":false},"author":1,"featured_media":113764,"comment_status":"open","ping_status":"closed","sticky":false,"template":"","format":"standard","meta":{"amp_status":"","footnotes":""},"categories":[123],"tags":[147354,1754,147351,147350,147349,147352,147348,147353,147361,147362],"class_list":["post-113759","post","type-post","status-publish","format-standard","has-post-thumbnail","hentry","category-gerais","tag-policia-militar-de-porto-firme","tag-porto-firme","tag-ribeirao-afluente-do-rio-piranga","tag-santos-em-corrego-de-porto-firme","tag-santos-em-ribeirao-de-porto-firme","tag-santos-no-ribeirao-afluente-do-rio-piranga","tag-santos-porto-firme","tag-sargento-peixoto","tag-sete-imagens-de-santos-catolicos-sao-encontradas-dentro-de-ribeirao-em-minas","tag-sete-imagens-de-santos-catolicos-sao-encontradas-dentro-de-ribeirao-em-ponto-firme"],"_links":{"self":[{"href":"https:\/\/aconteceunovale.com.br\/portal\/index.php?rest_route=\/wp\/v2\/posts\/113759","targetHints":{"allow":["GET"]}}],"collection":[{"href":"https:\/\/aconteceunovale.com.br\/portal\/index.php?rest_route=\/wp\/v2\/posts"}],"about":[{"href":"https:\/\/aconteceunovale.com.br\/portal\/index.php?rest_route=\/wp\/v2\/types\/post"}],"author":[{"embeddable":true,"href":"https:\/\/aconteceunovale.com.br\/portal\/index.php?rest_route=\/wp\/v2\/users\/1"}],"replies":[{"embeddable":true,"href":"https:\/\/aconteceunovale.com.br\/portal\/index.php?rest_route=%2Fwp%2Fv2%2Fcomments&post=113759"}],"version-history":[{"count":0,"href":"https:\/\/aconteceunovale.com.br\/portal\/index.php?rest_route=\/wp\/v2\/posts\/113759\/revisions"}],"wp:featuredmedia":[{"embeddable":true,"href":"https:\/\/aconteceunovale.com.br\/portal\/index.php?rest_route=\/wp\/v2\/media\/113764"}],"wp:attachment":[{"href":"https:\/\/aconteceunovale.com.br\/portal\/index.php?rest_route=%2Fwp%2Fv2%2Fmedia&parent=113759"}],"wp:term":[{"taxonomy":"category","embeddable":true,"href":"https:\/\/aconteceunovale.com.br\/portal\/index.php?rest_route=%2Fwp%2Fv2%2Fcategories&post=113759"},{"taxonomy":"post_tag","embeddable":true,"href":"https:\/\/aconteceunovale.com.br\/portal\/index.php?rest_route=%2Fwp%2Fv2%2Ftags&post=113759"}],"curies":[{"name":"wp","href":"https:\/\/api.w.org\/{rel}","templated":true}]}}