{"id":113754,"date":"2017-04-27T18:31:41","date_gmt":"2017-04-27T20:31:41","guid":{"rendered":"http:\/\/aconteceunovale.com.br\/portal\/?p=113754"},"modified":"2017-04-27T18:31:41","modified_gmt":"2017-04-27T20:31:41","slug":"goleiro-bruno-volta-para-a-prisao","status":"publish","type":"post","link":"https:\/\/aconteceunovale.com.br\/portal\/?p=113754","title":{"rendered":"Goleiro Bruno volta para a pris\u00e3o"},"content":{"rendered":"<p>O goleiro Bruno Fernandes se apresentou espontaneamente \u00e0 delegacia da Pol\u00edcia Civil em Varginha (MG) na tarde de hoje (27\/04\/2017) e est\u00e1 sendo encaminhado para o pres\u00eddio do munic\u00edpio, onde ele declarou possuir resid\u00eancia fixa. Seu retorno \u00e0 pris\u00e3o se d\u00e1 ap\u00f3s decis\u00e3o do Supremo Tribunal Federal (STF) que revogou liminar que o mantinha em liberdade.<\/p>\n<p>Na ter\u00e7a-feira (25), ap\u00f3s a decis\u00e3o da Corte, Bruno j\u00e1 havia se apresentado \u00e0 Pol\u00edcia Civil, mas foi liberado uma vez que ainda n\u00e3o havia mandado expedido contra ele. Ele ainda deve ser transferido para outra unidade prisional. A decis\u00e3o ficar\u00e1 a cargo da Secretaria de Administra\u00e7\u00e3o Prisional de Minas Gerais.<\/p>\n<p>Bruno \u00e9 apontado como autor do assassinato de Eliza Samudio, com quem teve um relacionamento e um filho. Ela desapareceu em 2010, aos 25 anos, e foi considerada morta pela Justi\u00e7a. Seu corpo nunca foi encontrado. Na \u00e9poca, o goleiro atuava no Flamengo. Em 2013, ele foi condenado a 22 anos e tr\u00eas meses pelos crimes de homic\u00eddio triplamente qualificado, sequestro e oculta\u00e7\u00e3o de cad\u00e1ver. Seu amigo Luiz Henrique Rom\u00e3o, conhecido como Macarr\u00e3o, tamb\u00e9m foi condenado.<\/p>\n<p><img decoding=\"async\" src=\"http:\/\/aconteceunovale.com.br\/portal\/wp-content\/uploads\/2017\/04\/bruno_cadeia.jpg\" alt=\"\" \/><em>Goleiro Bruno se apresenta \u00e0 pol\u00edcia de Varginha (Foto: Lucas Magalh\u00e3es\/EPTV)<\/em><br \/>\n<\/br><\/p>\n<p>Em fevereiro deste ano, o ministro do STF, Marco Aur\u00e9lio Mello, concedeu uma liminar determinando a soltura de Bruno para que pudesse recorrer em liberdade. Mello destacou que ele j\u00e1 somava seis anos e sete meses de pris\u00e3o sem que tivesse sido condenado em segunda inst\u00e2ncia.<\/p>\n<p>O ministro baseou-se em decis\u00e3o do STF tomada no ano passado, segundo a qual a pena deve come\u00e7ar a ser cumprida ap\u00f3s senten\u00e7a de segunda inst\u00e2ncia, o que n\u00e3o era o caso de Bruno. Ele vinha sendo mantido preso preventivamente desde 2010. De acordo com o C\u00f3digo de Processo Penal, a pris\u00e3o preventiva deve atender aos princ\u00edpios da proporcionalidade e necessidade, n\u00e3o tendo prazo de dura\u00e7\u00e3o m\u00e1xima.<\/p>\n<p>Por\u00e9m, ao derrubar a liminar nesta semana, a Primeira Turma do STF considerou que a soltura de Bruno vai contra a decis\u00e3o soberana do j\u00fari popular, que negou ao goleiro o direito de recorrer de sua condena\u00e7\u00e3o em liberdade. Este foi o entendimento do ministro relator Alexandre de Moraes, que foi acompanhado pelos votos de Rosa Weber e Luiz Fux.<\/p>\n<p>A Corte considerou ainda que a demora no julgamento pela segunda inst\u00e2ncia se d\u00e1 pelas peculiaridades do caso, n\u00e3o podendo ser atribu\u00edda \u00e0 in\u00e9rcia dos \u00f3rg\u00e3os de Justi\u00e7a. O car\u00e1ter hediondo dos crimes tamb\u00e9m justificaria a manuten\u00e7\u00e3o da pris\u00e3o.<\/p>\n<p><strong>Boa Esporte<\/strong><\/p>\n<p>Nos dois meses em que esteve em liberdade, Bruno voltou a atuar no futebol profissional. Aos 32 anos, ele fechou acordo com a equipe mineira Boa Esporte, sediada em Varginha (MG). Diante do an\u00fancio, diversos patrocinadores do clube optaram por romper o contrato, mas a diretoria manteve o Bruno na equipe.<\/p>\n<p>Bruno jogou cinco partidas pelo Boa Esporte, que est\u00e1 disputando a segunda divis\u00e3o do Campeonato Mineiro. Foram duas vit\u00f3rias, dois empates e uma derrota. O contrato do goleiro com a equipe mineira previa a rescis\u00e3o autom\u00e1tica caso ele voltasse \u00e0 pris\u00e3o e ficasse incapacitado de atuar.<\/p>\n<p><img decoding=\"async\" src=\"http:\/\/aconteceunovale.com.br\/portal\/wp-content\/uploads\/2017\/04\/bruno_boavarginha_1.jpg\" alt=\"\" \/><em>Bruno atua pelo Boa Esporte (Foto: Divulga\u00e7\u00e3o\/Boa Esporte)<\/em><br \/>\n<\/br><\/p>\n<p><strong>VER PRIMEIRO<\/strong><\/p>\n<p><strong>Receba as not\u00edcias do Aconteceu no Vale em primeira m\u00e3o. Clique em curtir no endere\u00e7o <a href=\"https:\/\/www.facebook.com\/aconteceunovale\" target=\"_blank\"><font color=\"red\">www.facebook.com\/aconteceunovale<\/font><\/a> ou no box abaixo:<\/strong><\/p>\n<div class=\"fb-like\" data-href=\"https:\/\/www.facebook.com\/aconteceunovale\" data-width=\"120\" data-layout=\"standard\" data-action=\"like\" data-size=\"small\" data-show-faces=\"true\" data-share=\"true\"><\/div>\n<p><\/br><\/p>\n<p><em>(Fonte: Ag\u00eancia Brasil)<\/em><\/p>\n","protected":false},"excerpt":{"rendered":"<p>O goleiro Bruno Fernandes se apresentou espontaneamente \u00e0 delegacia da Pol\u00edcia Civil em Varginha (MG) na tarde de hoje (27\/04\/2017) e est\u00e1 sendo encaminhado para o pres\u00eddio do munic\u00edpio, onde ele declarou possuir resid\u00eancia fixa. Seu retorno \u00e0 pris\u00e3o se d\u00e1 ap\u00f3s decis\u00e3o do Supremo Tribunal Federal (STF) que revogou liminar que o mantinha em [&hellip;]<\/p>\n","protected":false},"author":1,"featured_media":113755,"comment_status":"open","ping_status":"closed","sticky":false,"template":"","format":"standard","meta":{"amp_status":"","footnotes":""},"categories":[59,123],"tags":[3146,15962,4404,78139,146488,1018,12348,146491,3752,147048,147338,84247,146487,146490,85356,36446,146489,20096,28511,28510,223],"class_list":["post-113754","post","type-post","status-publish","format-standard","has-post-thumbnail","hentry","category-sports","category-gerais","tag-boa-esporte","tag-bruno","tag-campeonato-mineiro","tag-decide-stf","tag-decisao-que-soltou-goleiro-bruno","tag-destaque","tag-eliza-samudio","tag-ex-jogador-do-flamengo","tag-goleiro-bruno","tag-goleiro-bruno-deve-voltar-a-prisao-imediatamente","tag-goleiro-bruno-volta-para-a-prisao","tag-homicidio","tag-janot-pede-que-seja-revogada-decisao-que-soltou-goleiro-bruno","tag-morte-de-eliza-samudio","tag-pgr","tag-procurador-geral-da-republica","tag-revogacao-de-decisao-que-soltou-goleiro-bruno","tag-rodrigo-janot","tag-stf","tag-supremo-tribunal-federal","tag-varginha"],"_links":{"self":[{"href":"https:\/\/aconteceunovale.com.br\/portal\/index.php?rest_route=\/wp\/v2\/posts\/113754","targetHints":{"allow":["GET"]}}],"collection":[{"href":"https:\/\/aconteceunovale.com.br\/portal\/index.php?rest_route=\/wp\/v2\/posts"}],"about":[{"href":"https:\/\/aconteceunovale.com.br\/portal\/index.php?rest_route=\/wp\/v2\/types\/post"}],"author":[{"embeddable":true,"href":"https:\/\/aconteceunovale.com.br\/portal\/index.php?rest_route=\/wp\/v2\/users\/1"}],"replies":[{"embeddable":true,"href":"https:\/\/aconteceunovale.com.br\/portal\/index.php?rest_route=%2Fwp%2Fv2%2Fcomments&post=113754"}],"version-history":[{"count":0,"href":"https:\/\/aconteceunovale.com.br\/portal\/index.php?rest_route=\/wp\/v2\/posts\/113754\/revisions"}],"wp:featuredmedia":[{"embeddable":true,"href":"https:\/\/aconteceunovale.com.br\/portal\/index.php?rest_route=\/wp\/v2\/media\/113755"}],"wp:attachment":[{"href":"https:\/\/aconteceunovale.com.br\/portal\/index.php?rest_route=%2Fwp%2Fv2%2Fmedia&parent=113754"}],"wp:term":[{"taxonomy":"category","embeddable":true,"href":"https:\/\/aconteceunovale.com.br\/portal\/index.php?rest_route=%2Fwp%2Fv2%2Fcategories&post=113754"},{"taxonomy":"post_tag","embeddable":true,"href":"https:\/\/aconteceunovale.com.br\/portal\/index.php?rest_route=%2Fwp%2Fv2%2Ftags&post=113754"}],"curies":[{"name":"wp","href":"https:\/\/api.w.org\/{rel}","templated":true}]}}