{"id":113751,"date":"2017-04-27T18:18:08","date_gmt":"2017-04-27T20:18:08","guid":{"rendered":"http:\/\/aconteceunovale.com.br\/portal\/?p=113751"},"modified":"2017-04-27T18:18:08","modified_gmt":"2017-04-27T20:18:08","slug":"crise-financeira-explica-atraso-do-samu-na-regiao-leste-diz-almg","status":"publish","type":"post","link":"https:\/\/aconteceunovale.com.br\/portal\/?p=113751","title":{"rendered":"Crise financeira explica atraso do Samu na regi\u00e3o Leste, diz ALMG"},"content":{"rendered":"<p>Representantes da Secretaria de Estado de Sa\u00fade (SES) afirmaram que o impasse na implanta\u00e7\u00e3o do Servi\u00e7o de Atendimento M\u00e9dico de Urg\u00eancia (Samu) na regi\u00e3o Leste mineira \u00e9 causado pela situa\u00e7\u00e3o de calamidade financeira pela qual passa o Executivo estadual. A explica\u00e7\u00e3o foi dada em audi\u00eancia p\u00fablica da Comiss\u00e3o de Sa\u00fade da Assembleia Legislativa de Minas Gerais (ALMG), realizada a pedido da deputada Ros\u00e2ngela Reis (Pros), nesta quinta-feira (27\/4\/17).<\/p>\n<p>De acordo com a diretora de Pol\u00edticas de Gest\u00e3o Hospitalar da SES, Juliana Colen, a inten\u00e7\u00e3o do governador \u00e9 implantar o Samu em todo o Estado para garantir um atendimento de qualidade para todos os cidad\u00e3os. Em sua fala, ela explicou que o trabalho vem sendo feito de forma paulatina, mas que o cronograma est\u00e1 inviabilizado em raz\u00e3o da situa\u00e7\u00e3o de calamidade financeira.<\/p>\n<p>\u201cA pr\u00f3xima regi\u00e3o a ser contemplada ser\u00e1 a Oeste. Para o Leste, a ideia \u00e9 ter o apoio dos dois cons\u00f3rcios intermunicipais criados ali, sem que haja privil\u00e9gio para nenhum local espec\u00edfico. O financiamento \u00e9 tripartite e conta, ainda, com a participa\u00e7\u00e3o do Minist\u00e9rio da Sa\u00fade\u201d, lembrou.<\/p>\n<p>A tamb\u00e9m representante da SES, Kelly Fortini, salientou que o Estado reconhece a necessidade de implanta\u00e7\u00e3o do Samu na regi\u00e3o Leste o mais r\u00e1pido poss\u00edvel, tendo em vista que o territ\u00f3rio abriga quase 900 mil habitantes. \u201cO trabalho ser\u00e1 feito com o m\u00e1ximo de agilidade, mas a meta \u00e9 que seja conclu\u00eddo at\u00e9 o final do atual governo\u201d, ponderou.<\/p>\n<p>O diretor do Samu de Ipatinga (Vale do A\u00e7o), Tiago Tessaro, fez uma apresenta\u00e7\u00e3o do Cons\u00f3rcio Intermunicipal de Sa\u00fade dos Vales (Cisvales), que ser\u00e1 o respons\u00e1vel pela gest\u00e3o do Samu na regi\u00e3o. Em sua participa\u00e7\u00e3o, ele relatou que a entidade abrange tr\u00eas microrregi\u00f5es, que somam 35 munic\u00edpios.<\/p>\n<p>\u201c\u00c9 necess\u00e1ria agilidade na implanta\u00e7\u00e3o (do Samu), tendo em vista a extens\u00e3o do territ\u00f3rio. A popula\u00e7\u00e3o \u00e9 superior a 830 mil habitantes. Nosso cons\u00f3rcio trar\u00e1 benef\u00edcios, tais como resposta mais r\u00e1pida no atendimento, melhor estrutura e economia para o poder p\u00fablico\u201d, defendeu.<\/p>\n<p><strong>Minist\u00e9rio da Sa\u00fade<\/strong> \u2013 O superintendente regional de Sa\u00fade em Coronel Fabriciano (Vale do A\u00e7o), Wagner Barbalho, afirmou que o objetivo \u00e9 buscar apoio nos munic\u00edpios, uma vez que j\u00e1 haveria um compromisso do Estado para a implanta\u00e7\u00e3o do Samu por meio do Cisvales, mas que o Minist\u00e9rio da Sa\u00fade tamb\u00e9m deve se empenhar. \u201cPor ser tripartite, \u00e9 necess\u00e1rio obter, agora, o compromisso tamb\u00e9m do ministro. A regi\u00e3o est\u00e1 unida e a luta deve ser suprapartid\u00e1ria\u201d, colocou.<\/p>\n<p>A secret\u00e1ria municipal de Sa\u00fade de Ipatinga, Katia Barbalho, lamentou o que chamou de \u201cdecad\u00eancia do atendimento de urg\u00eancia e emerg\u00eancia em Minas\u201d. Por isso, ela cobrou mais investimentos do Estado para o setor e pediu explica\u00e7\u00f5es quanto ao crit\u00e9rio de implanta\u00e7\u00e3o do Samu nas macrorregi\u00f5es.<\/p>\n<p><strong>Parlamentares pedem prioridade para a sa\u00fade<\/strong><\/p>\n<p>O deputado Ant\u00f4nio Jorge (PPS) reconheceu que a gest\u00e3o da sa\u00fade \u00e9 cada vez mais dif\u00edcil, tendo em vista a situa\u00e7\u00e3o financeira do Estado, mas defendeu \u00e9 preciso eleger prioridades de governo, em especial para o atendimento de urg\u00eancia e emerg\u00eancia. Para isso, na sua opini\u00e3o, \u00e9 preciso uma pol\u00edtica de estado, e n\u00e3o de governo.<\/p>\n<p>\u201cPrecisamos de mais investimentos na aten\u00e7\u00e3o prim\u00e1ria, que desafogaria a rede de atendimento\u201d, pediu. O parlamentar disse, ainda, que a discuss\u00e3o deve ser sist\u00eamica e n\u00e3o apenas sobre o Samu. \u201cOs cons\u00f3rcios p\u00fablicos s\u00e3o o caminho para um melhor servi\u00e7o de urg\u00eancia e emerg\u00eancia. Sugiro que a comiss\u00e3o e as autoridades regionais v\u00e3o ao Minist\u00e9rio da Sa\u00fade e ao secret\u00e1rio de Estado para cobrar essa prioridade\u201d, completou.<\/p>\n<p>A opini\u00e3o foi corroborada pelo deputado Geraldo Pimenta (PCdoB), que defendeu o financiamento da sa\u00fade como caminho para a supera\u00e7\u00e3o dos impactos da crise financeira.<\/p>\n<p>A deputada Ros\u00e2ngela Reis (Pros) relatou que o Samu em Ipatinga funciona h\u00e1 14 anos e que h\u00e1 confian\u00e7a da popula\u00e7\u00e3o com o servi\u00e7o. Destacou, entretanto, que existem cidades menores que n\u00e3o disp\u00f5em do atendimento, o que torna a proposta de regionaliza\u00e7\u00e3o atrativa.<\/p>\n<p>\u201cTemos que lutar pela extens\u00e3o do servi\u00e7o para, pelo menos, os 35 munic\u00edpios que comp\u00f5em o Cisvales. A implanta\u00e7\u00e3o estava prevista para o meio deste ano, mas ainda n\u00e3o h\u00e1 a\u00e7\u00e3o de governo para o cumprimento do prazo. Precisamos de muito pouco dinheiro para fazer acontecer\u201d, lamentou.<\/p>\n<p><strong>Provid\u00eancias<\/strong> \u2013 O deputado Celinho do Sinttrocel (PCdoB) salientou que \u00e9 preciso garantir o atendimento de urg\u00eancia e emerg\u00eancia na regi\u00e3o Leste, uma vez que apenas Ipatinga e Governador Valadares (Vale do Rio Doce) contam com esse tipo de servi\u00e7o. Para ele, o objetivo \u00e9 sensibilizar o Estado para que o servi\u00e7o chegue a outras cidades. \u201cExiste interesse de implanta\u00e7\u00e3o apenas de um cons\u00f3rcio de Samu regional, o que n\u00e3o resolveria o problema de todo o territ\u00f3rio. Queremos a implanta\u00e7\u00e3o nos dois cons\u00f3rcios no segundo semestre\u201d, cobrou.<\/p>\n<p>Ao final, os parlamentares apresentaram diversos requerimentos com pedidos de provid\u00eancia. Um deles \u00e9 para que seja feita uma visita ao ministro da Sa\u00fade, com o objetivo de solicitar prioridade no atendimento \u00e0 regi\u00e3o Leste de Minas.<\/p>\n<p><strong>VER PRIMEIRO<\/strong><\/p>\n<p><strong>Receba as not\u00edcias do Aconteceu no Vale em primeira m\u00e3o. Clique em curtir no endere\u00e7o <a href=\"https:\/\/www.facebook.com\/aconteceunovale\" target=\"_blank\"><font color=\"red\">www.facebook.com\/aconteceunovale<\/font><\/a> ou no box abaixo:<\/strong><\/p>\n<div class=\"fb-like\" data-href=\"https:\/\/www.facebook.com\/aconteceunovale\" data-width=\"120\" data-layout=\"standard\" data-action=\"like\" data-size=\"small\" data-show-faces=\"true\" data-share=\"true\"><\/div>\n<p><\/br><\/p>\n<p><em>(Fonte: ALMG)<\/em><\/p>\n","protected":false},"excerpt":{"rendered":"<p>Representantes da Secretaria de Estado de Sa\u00fade (SES) afirmaram que o impasse na implanta\u00e7\u00e3o do Servi\u00e7o de Atendimento M\u00e9dico de Urg\u00eancia (Samu) na regi\u00e3o Leste mineira \u00e9 causado pela situa\u00e7\u00e3o de calamidade financeira pela qual passa o Executivo estadual. A explica\u00e7\u00e3o foi dada em audi\u00eancia p\u00fablica da Comiss\u00e3o de Sa\u00fade da Assembleia Legislativa de Minas [&hellip;]<\/p>\n","protected":false},"author":1,"featured_media":113752,"comment_status":"open","ping_status":"closed","sticky":false,"template":"","format":"standard","meta":{"amp_status":"","footnotes":""},"categories":[121,40242],"tags":[17370,13928,72757,72756,1524,147336,147337,247,201,147331,49929,147330,147334,52663,17608,147335,147332,147329,5464,27901,147327,147328,44748,52113,147333],"class_list":["post-113751","post","type-post","status-publish","format-standard","has-post-thumbnail","hentry","category-leste","category-saude-2","tag-antonio-jorge","tag-celinho-do-sinttrocel","tag-cisvales","tag-consorcio-intermunicipal-de-saude-dos-vales","tag-coronel-fabriciano","tag-crise-financeira-explica-atraso-do-samu-na-regiao-leste","tag-diz-almg","tag-governador-valadares","tag-ipatinga","tag-juliana-colen","tag-katia-barbalho","tag-politicas-de-gestao-hospitalar-da-ses","tag-regiao-do-rio-doce","tag-regiao-metropolitana-do-vale-do-aco","tag-rosangela-reis","tag-samu-de-governador-valadares","tag-samu-de-ipatinga","tag-samu-no-leste-de-minas","tag-saude-publica","tag-secretaria-de-estado-de-saude","tag-servico-de-atendimento-medico-de-urgencia","tag-servico-de-atendimento-medico-de-urgencia-no-leste-de-minas","tag-ses","tag-ses-mg","tag-wagner-barbalho"],"_links":{"self":[{"href":"https:\/\/aconteceunovale.com.br\/portal\/index.php?rest_route=\/wp\/v2\/posts\/113751","targetHints":{"allow":["GET"]}}],"collection":[{"href":"https:\/\/aconteceunovale.com.br\/portal\/index.php?rest_route=\/wp\/v2\/posts"}],"about":[{"href":"https:\/\/aconteceunovale.com.br\/portal\/index.php?rest_route=\/wp\/v2\/types\/post"}],"author":[{"embeddable":true,"href":"https:\/\/aconteceunovale.com.br\/portal\/index.php?rest_route=\/wp\/v2\/users\/1"}],"replies":[{"embeddable":true,"href":"https:\/\/aconteceunovale.com.br\/portal\/index.php?rest_route=%2Fwp%2Fv2%2Fcomments&post=113751"}],"version-history":[{"count":0,"href":"https:\/\/aconteceunovale.com.br\/portal\/index.php?rest_route=\/wp\/v2\/posts\/113751\/revisions"}],"wp:featuredmedia":[{"embeddable":true,"href":"https:\/\/aconteceunovale.com.br\/portal\/index.php?rest_route=\/wp\/v2\/media\/113752"}],"wp:attachment":[{"href":"https:\/\/aconteceunovale.com.br\/portal\/index.php?rest_route=%2Fwp%2Fv2%2Fmedia&parent=113751"}],"wp:term":[{"taxonomy":"category","embeddable":true,"href":"https:\/\/aconteceunovale.com.br\/portal\/index.php?rest_route=%2Fwp%2Fv2%2Fcategories&post=113751"},{"taxonomy":"post_tag","embeddable":true,"href":"https:\/\/aconteceunovale.com.br\/portal\/index.php?rest_route=%2Fwp%2Fv2%2Ftags&post=113751"}],"curies":[{"name":"wp","href":"https:\/\/api.w.org\/{rel}","templated":true}]}}