{"id":113740,"date":"2017-04-27T17:27:06","date_gmt":"2017-04-27T19:27:06","guid":{"rendered":"http:\/\/aconteceunovale.com.br\/portal\/?p=113740"},"modified":"2017-04-27T17:29:47","modified_gmt":"2017-04-27T19:29:47","slug":"captacao-de-agua-da-chuva-amenizam-efeitos-da-seca-em-capitao-eneas-no-norte-de-minas","status":"publish","type":"post","link":"https:\/\/aconteceunovale.com.br\/portal\/?p=113740","title":{"rendered":"Capta\u00e7\u00e3o de \u00e1gua da chuva ameniza efeitos da seca em Capit\u00e3o En\u00e9as, no Norte de Minas"},"content":{"rendered":"<p>Os longos per\u00edodos de estiagem prejudicam as pastagens e, consequentemente, o desenvolvimento e produ\u00e7\u00e3o do rebanho bovino. Esse \u00e9 um problema comum em muitos munic\u00edpios no Norte de Minas Gerais.<\/p>\n<p>Para amenizar os efeitos da seca, o munic\u00edpio de Capit\u00e3o En\u00e9as optou em construir bacias de capta\u00e7\u00e3o de \u00e1gua de chuva. Al\u00e9m de contribuir para o abastecimento do len\u00e7ol fre\u00e1tico, as bacias ajudam a evitar o assoreamento dos cursos d&#8217;\u00e1gua.<\/p>\n<p>De acordo com a Emater-MG, nos \u00faltimos quatro anos a estiagem contribuiu para a redu\u00e7\u00e3o em 60% do rebanho leiteiro do munic\u00edpio. Outros problemas apontados pela Emater-MG s\u00e3o as eros\u00f5es e o assoreamento dos cursos d&#8217;\u00e1gua.<\/p>\n<p>Preocupados com essa situa\u00e7\u00e3o, t\u00e9cnicos da Emater-MG e produtores fizeram diversas reuni\u00f5es para buscar alternativas. Umas das solu\u00e7\u00f5es encontradas pelo grupo foi a constru\u00e7\u00e3o de bacias de capta\u00e7\u00e3o de \u00e1gua de chuva.<\/p>\n<p>\u201cAs bacias t\u00eam a finalidade de conter processos erosivos e promover o abastecimento do len\u00e7ol fre\u00e1tico, atrav\u00e9s da infiltra\u00e7\u00e3o das \u00e1guas captadas\u201d, diz o extensionista da Emater-MG, Rog\u00e9rio Nascimento.<\/p>\n<p>O t\u00e9cnico ainda ressalta que a \u00e1gua armazenada pelas bacias pode ser utilizada na produ\u00e7\u00e3o de alimentos, como hortali\u00e7as, diminuindo gastos para os produtores.<\/p>\n<p>Para colocar a ideia em pr\u00e1tica, foi preciso obter recursos. Isso foi poss\u00edvel por meio de uma parceria entre a Emater-MG, Banco do Brasil e produtores. A Emater-MG elaborou o projeto t\u00e9cnico e o Banco do Brasil liberou cerca de R$ 68 mil para a execu\u00e7\u00e3o. Em contrapartida, os produtores investiram na a\u00e7\u00e3o cerca de R$ 2,2 mil.<\/p>\n<p>As obras aconteceram entre junho de 2015 e agosto de 2016. Foram constru\u00eddas 65 bacias de capta\u00e7\u00e3o de \u00e1gua de chuvas.<\/p>\n<p>Cada bacia foi constru\u00edda em uma propriedade rural nas comunidades de Santana da Serra, Bico da Pedra, Barreiro de Dentro, Po\u00e7o do Pedro, Mocambo, Virgil\u00e2ndia, Malhada do Meio, Nova Malhada, e nos assentamentos Sol Nascente e Darcy Ribeiro.<\/p>\n<p>Segundo o t\u00e9cnico da Emater-MG, Fernando Soares Maia, apesar de pouco tempo, a a\u00e7\u00e3o j\u00e1 apresenta bons resultados. Ele diz que melhorou a disponibilidade de \u00e1gua no len\u00e7ol fre\u00e1tico, diminuiu a ocorr\u00eancia de eros\u00f5es e perda de solo f\u00e9rtil, e tamb\u00e9m reduziu o assoreamento dos cursos d&#8217;\u00e1gua.<\/p>\n<p>\u201cAl\u00e9m disso, tornou as condi\u00e7\u00f5es ambientais mais favor\u00e1veis ao agricultor familiar, amenizando as consequ\u00eancias das estiagens e tornando o campo um lugar melhor de se viver\u201d, afirma Maia.<\/p>\n<p><strong>Preparo do solo<\/strong><\/p>\n<p>Al\u00e9m da constru\u00e7\u00e3o de bacias de capta\u00e7\u00e3o de \u00e1gua de chuva, a Emater-MG orienta os produtores em outras a\u00e7\u00f5es, como o preparo adequado do solo e a constru\u00e7\u00e3o de terra\u00e7os, que s\u00e3o canais feitos ao longo de \u00e1reas em declive para a intercepta\u00e7\u00e3o das enxurradas.<\/p>\n<p>As duas a\u00e7\u00f5es servem para combater a eros\u00e3o. Os extensionistas da empresa tamb\u00e9m estimulam o uso de culturas mais resistentes \u00e0 seca, como sorgo e milheto, que podem ser utilizadas na alimenta\u00e7\u00e3o complementar do rebanho.<\/p>\n<p><img decoding=\"async\" src=\"http:\/\/aconteceunovale.com.br\/portal\/wp-content\/uploads\/2017\/04\/bacia_capitao_enas.jpg\" alt=\"\" \/><em>Bacia constru\u00edda no munic\u00edpio de Capit\u00e3o En\u00e9as (Foto: Divulga\u00e7\u00e3o\/Emater)<\/em><br \/>\n<\/br><\/p>\n<p><strong>VER PRIMEIRO<\/strong><\/p>\n<p><strong>Receba as not\u00edcias do Aconteceu no Vale em primeira m\u00e3o. Clique em curtir no endere\u00e7o <a href=\"https:\/\/www.facebook.com\/aconteceunovale\" target=\"_blank\"><font color=\"red\">www.facebook.com\/aconteceunovale<\/font><\/a> ou no box abaixo:<\/strong><\/p>\n<div class=\"fb-like\" data-href=\"https:\/\/www.facebook.com\/aconteceunovale\" data-width=\"120\" data-layout=\"standard\" data-action=\"like\" data-size=\"small\" data-show-faces=\"true\" data-share=\"true\"><\/div>\n<p><\/br><\/p>\n<p><em>(Fonte: Ag\u00eancia Minas)<\/em><\/p>\n","protected":false},"excerpt":{"rendered":"<p>Os longos per\u00edodos de estiagem prejudicam as pastagens e, consequentemente, o desenvolvimento e produ\u00e7\u00e3o do rebanho bovino. Esse \u00e9 um problema comum em muitos munic\u00edpios no Norte de Minas Gerais. Para amenizar os efeitos da seca, o munic\u00edpio de Capit\u00e3o En\u00e9as optou em construir bacias de capta\u00e7\u00e3o de \u00e1gua de chuva. Al\u00e9m de contribuir para [&hellip;]<\/p>\n","protected":false},"author":1,"featured_media":113741,"comment_status":"open","ping_status":"closed","sticky":false,"template":"","format":"standard","meta":{"amp_status":"","footnotes":""},"categories":[1236],"tags":[147299,147303,147302,1429,147312,147311,147298,1018,25775,147297,147300,147310,147307,147305,147308,147304,147301,80902,147296,147309,147306],"class_list":["post-113740","post","type-post","status-publish","format-standard","has-post-thumbnail","hentry","category-norte_de_minas","tag-barraginhas-em-capitao-eneas","tag-barreiro-de-dentro","tag-bico-da-pedra","tag-capitao-eneas","tag-captacao-de-agua-da-chuva-ameniza-efeitos-da-seca-em-capitao-eneas","tag-captacao-de-agua-da-chuva-amenizam-efeitos-da-seca-em-capitao-eneas","tag-construcao-de-barraginhas-em-capitao-eneas","tag-destaque","tag-emater-mg","tag-estiagem-em-capitao-eneas","tag-extensionista-da-emater-mg","tag-fernando-soares-maia","tag-malhada-do-meio","tag-mocambo","tag-nova-malhada","tag-poco-do-pedro","tag-rogerio-nascimento","tag-santana-da-serra","tag-seca-em-capitao-eneas","tag-tecnico-da-emater-mg","tag-virgilandia"],"_links":{"self":[{"href":"https:\/\/aconteceunovale.com.br\/portal\/index.php?rest_route=\/wp\/v2\/posts\/113740","targetHints":{"allow":["GET"]}}],"collection":[{"href":"https:\/\/aconteceunovale.com.br\/portal\/index.php?rest_route=\/wp\/v2\/posts"}],"about":[{"href":"https:\/\/aconteceunovale.com.br\/portal\/index.php?rest_route=\/wp\/v2\/types\/post"}],"author":[{"embeddable":true,"href":"https:\/\/aconteceunovale.com.br\/portal\/index.php?rest_route=\/wp\/v2\/users\/1"}],"replies":[{"embeddable":true,"href":"https:\/\/aconteceunovale.com.br\/portal\/index.php?rest_route=%2Fwp%2Fv2%2Fcomments&post=113740"}],"version-history":[{"count":0,"href":"https:\/\/aconteceunovale.com.br\/portal\/index.php?rest_route=\/wp\/v2\/posts\/113740\/revisions"}],"wp:featuredmedia":[{"embeddable":true,"href":"https:\/\/aconteceunovale.com.br\/portal\/index.php?rest_route=\/wp\/v2\/media\/113741"}],"wp:attachment":[{"href":"https:\/\/aconteceunovale.com.br\/portal\/index.php?rest_route=%2Fwp%2Fv2%2Fmedia&parent=113740"}],"wp:term":[{"taxonomy":"category","embeddable":true,"href":"https:\/\/aconteceunovale.com.br\/portal\/index.php?rest_route=%2Fwp%2Fv2%2Fcategories&post=113740"},{"taxonomy":"post_tag","embeddable":true,"href":"https:\/\/aconteceunovale.com.br\/portal\/index.php?rest_route=%2Fwp%2Fv2%2Ftags&post=113740"}],"curies":[{"name":"wp","href":"https:\/\/api.w.org\/{rel}","templated":true}]}}