{"id":113702,"date":"2017-04-27T00:06:35","date_gmt":"2017-04-27T02:06:35","guid":{"rendered":"http:\/\/aconteceunovale.com.br\/portal\/?p=113702"},"modified":"2017-04-27T00:06:35","modified_gmt":"2017-04-27T02:06:35","slug":"camara-aprova-texto-base-da-reforma-trabalhista","status":"publish","type":"post","link":"https:\/\/aconteceunovale.com.br\/portal\/?p=113702","title":{"rendered":"C\u00e2mara aprova texto-base da reforma trabalhista"},"content":{"rendered":"<p>Depois de muitos protestos da oposi\u00e7\u00e3o, o Plen\u00e1rio da C\u00e2mara aprovou hoje (26\/04\/2017), por 296 votos a favor e 177 votos contra, o Projeto de Lei (PL) 6.787\/16, que trata da reforma trabalhista. O projeto altera mais de 100 pontos da Consolida\u00e7\u00e3o das Leis do Trabalho (CLT). Entre as altera\u00e7\u00f5es, a medida estabelece que nas negocia\u00e7\u00f5es trabalhistas poder\u00e1 prevalecer o acordado sobre o legislado e o sindicato n\u00e3o mais precisar\u00e1 auxiliar o trabalhador na rescis\u00e3o trabalhista.<\/p>\n<p>A sess\u00e3o que aprovou a reforma foi aberta na manh\u00e3 desta quarta-feira e se estendeu at\u00e9 depois das 22h, com o final da vota\u00e7\u00e3o do m\u00e9rito da reforma. Ainda faltam votar os destaques que visam pontos do texto do relator, deputado Rog\u00e9rio Marinho (PSDB-RN). Depois de votados os destaques, o texto segue para o Senado.<\/p>\n<p>Pela oposi\u00e7\u00e3o, PT, PDT, PSOL, PCdoB e Rede se posicionaram contra o projeto. O PSB, SD e PMB tamb\u00e9m orientaram suas bancadas a votar contra a aprova\u00e7\u00e3o do texto-base. O PHS liberou a bancada. Os demais partidos da base governista votaram a favor do projeto de lei.<\/p>\n<p><strong>VER PRIMEIRO<\/strong><\/p>\n<p><strong>Receba as not\u00edcias do Aconteceu no Vale em primeira m\u00e3o. Clique em curtir no endere\u00e7o <a href=\"https:\/\/www.facebook.com\/aconteceunovale\" target=\"_blank\"><font color=\"red\">www.facebook.com\/aconteceunovale<\/font><\/a> ou no box abaixo:<\/strong><\/p>\n<div class=\"fb-like\" data-href=\"https:\/\/www.facebook.com\/aconteceunovale\" data-width=\"120\" data-layout=\"standard\" data-action=\"like\" data-size=\"small\" data-show-faces=\"true\" data-share=\"true\"><\/div>\n<p><\/br><\/p>\n<p><em>(Fonte: Ag\u00eancia Brasil)<\/em><\/p>\n","protected":false},"excerpt":{"rendered":"<p>Depois de muitos protestos da oposi\u00e7\u00e3o, o Plen\u00e1rio da C\u00e2mara aprovou hoje (26\/04\/2017), por 296 votos a favor e 177 votos contra, o Projeto de Lei (PL) 6.787\/16, que trata da reforma trabalhista. O projeto altera mais de 100 pontos da Consolida\u00e7\u00e3o das Leis do Trabalho (CLT). Entre as altera\u00e7\u00f5es, a medida estabelece que nas [&hellip;]<\/p>\n","protected":false},"author":1,"featured_media":112885,"comment_status":"open","ping_status":"closed","sticky":false,"template":"","format":"standard","meta":{"amp_status":"","footnotes":""},"categories":[6,40236],"tags":[147246,147247,21888,147245,147248,114586,20320],"class_list":["post-113702","post","type-post","status-publish","format-standard","has-post-thumbnail","hentry","category-br","category-empregos-2","tag-aprovacao-da-reforma-trabalhista","tag-aprovacao-da-reforma-trabalhista-na-camara","tag-camara","tag-camara-aprova-texto-base-da-reforma-trabalhista","tag-pl-6-78716","tag-reforma-trabalhista","tag-votacao"],"_links":{"self":[{"href":"https:\/\/aconteceunovale.com.br\/portal\/index.php?rest_route=\/wp\/v2\/posts\/113702","targetHints":{"allow":["GET"]}}],"collection":[{"href":"https:\/\/aconteceunovale.com.br\/portal\/index.php?rest_route=\/wp\/v2\/posts"}],"about":[{"href":"https:\/\/aconteceunovale.com.br\/portal\/index.php?rest_route=\/wp\/v2\/types\/post"}],"author":[{"embeddable":true,"href":"https:\/\/aconteceunovale.com.br\/portal\/index.php?rest_route=\/wp\/v2\/users\/1"}],"replies":[{"embeddable":true,"href":"https:\/\/aconteceunovale.com.br\/portal\/index.php?rest_route=%2Fwp%2Fv2%2Fcomments&post=113702"}],"version-history":[{"count":0,"href":"https:\/\/aconteceunovale.com.br\/portal\/index.php?rest_route=\/wp\/v2\/posts\/113702\/revisions"}],"wp:featuredmedia":[{"embeddable":true,"href":"https:\/\/aconteceunovale.com.br\/portal\/index.php?rest_route=\/wp\/v2\/media\/112885"}],"wp:attachment":[{"href":"https:\/\/aconteceunovale.com.br\/portal\/index.php?rest_route=%2Fwp%2Fv2%2Fmedia&parent=113702"}],"wp:term":[{"taxonomy":"category","embeddable":true,"href":"https:\/\/aconteceunovale.com.br\/portal\/index.php?rest_route=%2Fwp%2Fv2%2Fcategories&post=113702"},{"taxonomy":"post_tag","embeddable":true,"href":"https:\/\/aconteceunovale.com.br\/portal\/index.php?rest_route=%2Fwp%2Fv2%2Ftags&post=113702"}],"curies":[{"name":"wp","href":"https:\/\/api.w.org\/{rel}","templated":true}]}}