{"id":113682,"date":"2017-04-26T22:24:25","date_gmt":"2017-04-27T00:24:25","guid":{"rendered":"http:\/\/aconteceunovale.com.br\/portal\/?p=113682"},"modified":"2017-04-26T22:24:25","modified_gmt":"2017-04-27T00:24:25","slug":"ex-diretor-do-saae-de-governador-valadares-depoe-na-camara-durante-processo-de-cassacao-de-vereador","status":"publish","type":"post","link":"https:\/\/aconteceunovale.com.br\/portal\/?p=113682","title":{"rendered":"Ex-diretor do SAAE de Governador Valadares dep\u00f5e na C\u00e2mara durante processo de cassa\u00e7\u00e3o de vereador"},"content":{"rendered":"<p>A C\u00e2mara Municipal de Governador Valadares deu sequ\u00eancia \u00e0s oitivas relacionadas aos processos de cassa\u00e7\u00e3o de vereadores investigados na opera\u00e7\u00e3o Mar de Lama. Na tarde desta quarta-feira (26) foram ouvidas cinco testemunhas do ex-vereador Is\u00e1 Batista de Souza (PDT).<\/p>\n<p>Dentre as testemunhas, o depoimento mais aguardado foi o do ex-diretor geral do Servi\u00e7o Aut\u00f4nomo de \u00c1gua e Esgoto (SAAE), Omir Quintino, que se encontra preso desde a 2\u00aa fase da Mar de Lama, deflagrada em abril de 2016. Com autoriza\u00e7\u00e3o judicial para entrar na C\u00e2mara, Omir chegou escoltado por agentes penitenci\u00e1rios e acompanhado do advogado de defesa. Ele apenas confirmou dados pessoais, mas optou por n\u00e3o responder os questionamentos feitos pela Comiss\u00e3o Processante.<\/p>\n<p>J\u00e1 o depoimento de Is\u00e1 n\u00e3o ocorreu devido \u00e0 aus\u00eancia de duas testemunhas indicadas pelo ex-vereador, tidas como importantes pela defesa. Por esse motivo, a oitiva dele foi remarcada para o dia 10 de maio. J\u00e1 nesta quinta-feira (27) est\u00e1 prevista para ser realizada oitiva relativa ao processo contra o ex-vereador Marcos Alves da Silva (PSDB), conhecido como Chiquinho. A sess\u00e3o est\u00e1 programada para as 14h, no Plen\u00e1rio da C\u00e2mara Municipal.<\/p>\n<p><img decoding=\"async\" src=\"http:\/\/aconteceunovale.com.br\/portal\/wp-content\/uploads\/2017\/04\/depoimento_cam_gv_1.jpeg\" alt=\"\" \/><em>Omir Quintino durante depoimento nesta quarta-feira (Foto: C\u00e2mara Municipal\/Divulga\u00e7\u00e3o)<\/em><br \/>\n<\/br><\/p>\n<p><img decoding=\"async\" src=\"http:\/\/aconteceunovale.com.br\/portal\/wp-content\/uploads\/2017\/04\/depoimento_cam_gv_2.jpeg\" alt=\"\" \/><em>Is\u00e1 Batista de Souza ser\u00e1 ouvido no dia 10 de maio (Foto: C\u00e2mara Municipal\/Divulga\u00e7\u00e3o)<\/em><br \/>\n<\/br><\/p>\n<p><strong>VER PRIMEIRO<\/strong><\/p>\n<p><strong>Receba as not\u00edcias do Aconteceu no Vale em primeira m\u00e3o. Clique em curtir no endere\u00e7o <a href=\"https:\/\/www.facebook.com\/aconteceunovale\" target=\"_blank\"><font color=\"red\">www.facebook.com\/aconteceunovale<\/font><\/a> ou no box abaixo:<\/strong><\/p>\n<div class=\"fb-like\" data-href=\"https:\/\/www.facebook.com\/aconteceunovale\" data-width=\"120\" data-layout=\"standard\" data-action=\"like\" data-size=\"small\" data-show-faces=\"true\" data-share=\"true\"><\/div>\n<p><\/br><\/p>\n<p><em>(Fonte: G1 dos Vales)<\/em><\/p>\n","protected":false},"excerpt":{"rendered":"<p>A C\u00e2mara Municipal de Governador Valadares deu sequ\u00eancia \u00e0s oitivas relacionadas aos processos de cassa\u00e7\u00e3o de vereadores investigados na opera\u00e7\u00e3o Mar de Lama. Na tarde desta quarta-feira (26) foram ouvidas cinco testemunhas do ex-vereador Is\u00e1 Batista de Souza (PDT). Dentre as testemunhas, o depoimento mais aguardado foi o do ex-diretor geral do Servi\u00e7o Aut\u00f4nomo de [&hellip;]<\/p>\n","protected":false},"author":1,"featured_media":113683,"comment_status":"open","ping_status":"closed","sticky":false,"template":"","format":"standard","meta":{"amp_status":"","footnotes":""},"categories":[121,40240],"tags":[88221,147227,247,147226,65871],"class_list":["post-113682","post","type-post","status-publish","format-standard","has-post-thumbnail","hentry","category-leste","category-politica-2","tag-camara-municipal-de-governador-valadares","tag-ex-diretor-do-saae-de-governador-valadares-depoe-na-camara-durante-processo-de-cassacao-de-vereador","tag-governador-valadares","tag-isa-batista-de-souz","tag-omir-quintino"],"_links":{"self":[{"href":"https:\/\/aconteceunovale.com.br\/portal\/index.php?rest_route=\/wp\/v2\/posts\/113682","targetHints":{"allow":["GET"]}}],"collection":[{"href":"https:\/\/aconteceunovale.com.br\/portal\/index.php?rest_route=\/wp\/v2\/posts"}],"about":[{"href":"https:\/\/aconteceunovale.com.br\/portal\/index.php?rest_route=\/wp\/v2\/types\/post"}],"author":[{"embeddable":true,"href":"https:\/\/aconteceunovale.com.br\/portal\/index.php?rest_route=\/wp\/v2\/users\/1"}],"replies":[{"embeddable":true,"href":"https:\/\/aconteceunovale.com.br\/portal\/index.php?rest_route=%2Fwp%2Fv2%2Fcomments&post=113682"}],"version-history":[{"count":0,"href":"https:\/\/aconteceunovale.com.br\/portal\/index.php?rest_route=\/wp\/v2\/posts\/113682\/revisions"}],"wp:featuredmedia":[{"embeddable":true,"href":"https:\/\/aconteceunovale.com.br\/portal\/index.php?rest_route=\/wp\/v2\/media\/113683"}],"wp:attachment":[{"href":"https:\/\/aconteceunovale.com.br\/portal\/index.php?rest_route=%2Fwp%2Fv2%2Fmedia&parent=113682"}],"wp:term":[{"taxonomy":"category","embeddable":true,"href":"https:\/\/aconteceunovale.com.br\/portal\/index.php?rest_route=%2Fwp%2Fv2%2Fcategories&post=113682"},{"taxonomy":"post_tag","embeddable":true,"href":"https:\/\/aconteceunovale.com.br\/portal\/index.php?rest_route=%2Fwp%2Fv2%2Ftags&post=113682"}],"curies":[{"name":"wp","href":"https:\/\/api.w.org\/{rel}","templated":true}]}}