{"id":113648,"date":"2017-04-26T19:42:44","date_gmt":"2017-04-26T21:42:44","guid":{"rendered":"http:\/\/aconteceunovale.com.br\/portal\/?p=113648"},"modified":"2017-04-26T19:42:44","modified_gmt":"2017-04-26T21:42:44","slug":"gilmar-mendes-suspende-depoimento-de-aecio-neves-na-pf","status":"publish","type":"post","link":"https:\/\/aconteceunovale.com.br\/portal\/?p=113648","title":{"rendered":"Gilmar Mendes suspende depoimento de A\u00e9cio Neves na PF"},"content":{"rendered":"<p>O ministro Gilmar Mendes, do Supremo Tribunal Federal (STF), suspendeu por ao menos 48 horas o interrogat\u00f3rio do senador A\u00e9cio Neves (PSDB-MG), que seria realizado hoje (26) no inqu\u00e9rito em que o parlamentar \u00e9 investigado por corrup\u00e7\u00e3o passiva e lavagem de dinheiro, suspeito de participar de um esquema de corrup\u00e7\u00e3o em Furnas, estatal do setor el\u00e9trico.<\/p>\n<p>A defesa de A\u00e9cio havia pedido a suspens\u00e3o do depoimento para que o parlamentar pudesse ter acesso ao que foi dito por outras testemunhas j\u00e1 ouvidas no processo. A Pol\u00edcia Federal defendia, como estrat\u00e9gia de investiga\u00e7\u00e3o, que o senador fosse interrogado antes de tomar conhecimento de outros depoimentos colhidos no inqu\u00e9rito.<\/p>\n<p>\u201c\u00c9 direito do investigado tomar conhecimento dos depoimentos j\u00e1 colhidos no curso do inqu\u00e9rito, os quais devem ser imediatamente entranhados aos autos\u201d, escreveu Gilmar Mendes, determinando que todos os depoimentos j\u00e1 colhidos sejam juntados aos autos do processo, que s\u00e3o p\u00fablicos.<\/p>\n<p>O ministro n\u00e3o marcou nova data para que A\u00e9cio seja ouvido. O senador \u00e9 alvo de mais seis inqu\u00e9ritos criminais no Supremo, cinco dos quais foram abertos no in\u00edcio do m\u00eas pelo ministro Edson Fachin, relator da Opera\u00e7\u00e3o Lava Jato no STF.<\/p>\n<p>&#8220;Desde o ano passado, o senador tem se colocado \u00e0 disposi\u00e7\u00e3o das autoridades para prestar todos os esclarecimentos necess\u00e1rios a provar a absoluta corre\u00e7\u00e3o de todos os seu atos&#8221;, disse o advogado Alberto Zacharias Toron, que representa A\u00e9cio Neves, por meio de nota.<\/p>\n<p><strong>VER PRIMEIRO<\/strong><\/p>\n<p><strong>Receba as not\u00edcias do Aconteceu no Vale em primeira m\u00e3o. Clique em curtir no endere\u00e7o <a href=\"https:\/\/www.facebook.com\/aconteceunovale\" target=\"_blank\"><font color=\"red\">www.facebook.com\/aconteceunovale<\/font><\/a> ou no box abaixo:<\/strong><\/p>\n<div class=\"fb-like\" data-href=\"https:\/\/www.facebook.com\/aconteceunovale\" data-width=\"120\" data-layout=\"standard\" data-action=\"like\" data-size=\"small\" data-show-faces=\"true\" data-share=\"true\"><\/div>\n<p><\/br><\/p>\n<p><em>(Fonte: Ag\u00eancia Brasil)<\/em><\/p>\n","protected":false},"excerpt":{"rendered":"<p>O ministro Gilmar Mendes, do Supremo Tribunal Federal (STF), suspendeu por ao menos 48 horas o interrogat\u00f3rio do senador A\u00e9cio Neves (PSDB-MG), que seria realizado hoje (26) no inqu\u00e9rito em que o parlamentar \u00e9 investigado por corrup\u00e7\u00e3o passiva e lavagem de dinheiro, suspeito de participar de um esquema de corrup\u00e7\u00e3o em Furnas, estatal do setor [&hellip;]<\/p>\n","protected":false},"author":1,"featured_media":113649,"comment_status":"open","ping_status":"closed","sticky":false,"template":"","format":"standard","meta":{"amp_status":"","footnotes":""},"categories":[6,40240],"tags":[2728,147149,147148,147142,147145,147146,147147,47612,147141,147144,147143,27144,28510],"class_list":["post-113648","post","type-post","status-publish","format-standard","has-post-thumbnail","hentry","category-br","category-politica-2","tag-aecio-neves","tag-aecio-neves-gilmar-mendes","tag-depoimento","tag-depoimento-de-aecio-na-policia-federal","tag-depoimento-de-aecio-neves","tag-depoimento-de-aecio-neves-na-pf","tag-depoimento-de-aecio-neves-na-policia-federal","tag-gilmar-mendes","tag-gilmar-mendes-suspende-depoimento-de-aecio-na-policia-federal","tag-gilmar-mendes-suspende-depoimento-de-aecio-neves-na-pf","tag-gilmar-mendes-suspende-depoimento-de-aecio-neves-na-policia-federal","tag-lava-jato","tag-supremo-tribunal-federal"],"_links":{"self":[{"href":"https:\/\/aconteceunovale.com.br\/portal\/index.php?rest_route=\/wp\/v2\/posts\/113648","targetHints":{"allow":["GET"]}}],"collection":[{"href":"https:\/\/aconteceunovale.com.br\/portal\/index.php?rest_route=\/wp\/v2\/posts"}],"about":[{"href":"https:\/\/aconteceunovale.com.br\/portal\/index.php?rest_route=\/wp\/v2\/types\/post"}],"author":[{"embeddable":true,"href":"https:\/\/aconteceunovale.com.br\/portal\/index.php?rest_route=\/wp\/v2\/users\/1"}],"replies":[{"embeddable":true,"href":"https:\/\/aconteceunovale.com.br\/portal\/index.php?rest_route=%2Fwp%2Fv2%2Fcomments&post=113648"}],"version-history":[{"count":0,"href":"https:\/\/aconteceunovale.com.br\/portal\/index.php?rest_route=\/wp\/v2\/posts\/113648\/revisions"}],"wp:featuredmedia":[{"embeddable":true,"href":"https:\/\/aconteceunovale.com.br\/portal\/index.php?rest_route=\/wp\/v2\/media\/113649"}],"wp:attachment":[{"href":"https:\/\/aconteceunovale.com.br\/portal\/index.php?rest_route=%2Fwp%2Fv2%2Fmedia&parent=113648"}],"wp:term":[{"taxonomy":"category","embeddable":true,"href":"https:\/\/aconteceunovale.com.br\/portal\/index.php?rest_route=%2Fwp%2Fv2%2Fcategories&post=113648"},{"taxonomy":"post_tag","embeddable":true,"href":"https:\/\/aconteceunovale.com.br\/portal\/index.php?rest_route=%2Fwp%2Fv2%2Ftags&post=113648"}],"curies":[{"name":"wp","href":"https:\/\/api.w.org\/{rel}","templated":true}]}}