{"id":113456,"date":"2017-04-24T20:31:42","date_gmt":"2017-04-24T22:31:42","guid":{"rendered":"http:\/\/aconteceunovale.com.br\/portal\/?p=113456"},"modified":"2017-04-24T20:31:42","modified_gmt":"2017-04-24T22:31:42","slug":"integrante-do-mst-e-assassinado-com-dez-tiros-no-vale-do-rio-doce","status":"publish","type":"post","link":"https:\/\/aconteceunovale.com.br\/portal\/?p=113456","title":{"rendered":"Integrante do MST \u00e9 assassinado com dez tiros no Vale do Rio Doce"},"content":{"rendered":"<p>Um trabalhador rural foi assassinado com dez tiros nesse domingo (23\/04\/2017), no munic\u00edpio de Periquito, na regi\u00e3o do Vale do Rio Doce. Silvino Nunes Gouveia morava pr\u00f3ximo ao Assentamento Liberdade, do Movimento dos Trabalhadores Rurais Sem Terra (MST), e, por volta das 20h, foi chamado por uma pessoa ainda n\u00e3o identificada e acabou alvejado pelos tiros.<\/p>\n<p>O crime ocorreu a 50 metros da casa do trabalhador, que morava sozinho, perto de uma cerca que divide o assentamento de um territ\u00f3rio.<\/p>\n<p>Silvino Nunes Gouveia tinha 53 anos e trabalhava com agricultura e cria\u00e7\u00e3o de animais. Um dos filhos do trabalhador rural disse que o local onde ele morava faz divisa com o assentamento e est\u00e1 em processo de regulariza\u00e7\u00e3o pelo Instituto Nacional de Coloniza\u00e7\u00e3o e Reforma Agr\u00e1ria (Incra). O corpo de Gouveia deve ser sepultado amanh\u00e3 (25).<\/p>\n<p>Em nota, o MST mineiro denuncia a amplia\u00e7\u00e3o dos conflitos pela terra na regi\u00e3o do Vale do Rio Doce, onde h\u00e1 mais de 1,2 mil fam\u00edlias acampadas. De acordo com a entidade, propriet\u00e1rios de terra t\u00eam praticado atos violentos com frequ\u00eancia nos \u00faltimos anos por causa da demora no processo de regulariza\u00e7\u00e3o da reforma agr\u00e1ria. \u201cO clima em Minas Gerais \u00e9 de muita tens\u00e3o\u201d, diz o MST.<\/p>\n<p><strong>Protesto<\/strong><\/p>\n<p>Os integrantes do Assentamento Liberdade fecharam os dois sentidos da BR-381, no limite dos munic\u00edpios de Periquito e Governador Valadares, em protesto contra a morte do dirigente. Eles colocaram fogo em pneus e chegaram a interditar a rodovia, que foi liberada por volta das 13h desta segunda-feira. De acordo com a PRF, o protesto correu de forma pac\u00edfica.<\/p>\n<p><img decoding=\"async\" src=\"http:\/\/aconteceunovale.com.br\/portal\/wp-content\/uploads\/2017\/04\/mst_periquito.jpeg\" alt=\"\" \/><em>Integrantes do MST realizaram protesto em Periquito (Foto: PRF\/Divulga\u00e7\u00e3o)<\/em><br \/>\n<\/br><\/p>\n<h4>Confira a \u00edntegra da nota divulgada pelo MST<\/h4>\n<p><em>&#8220;O Movimento dos Trabalhadores Rurais Sem Terra de Minas Gerais (MST MG), vem denunciar mais um assassinato na luta pela terra. Desta vez foi no Assentamento Liberdade, munic\u00edpio de Periquito. Por volta das 20 horas, o companheiro Silvino Nunes Gouveia, de 51 anos, dirigente regional do MST, foi brutalmente assassinado com dez tiros. De acordo com relatos de vizinhos, Silvino estava em sua casa quando algu\u00e9m o chamou, ele saiu com a lanterna e foi recebido com os disparos. <\/p>\n<p>No Vale do Rio Doce os conflitos pela terra t\u00eam se intensificado por falta de medidas que agilizem o assentamento das fam\u00edlias acampadas. Nessa regi\u00e3o s\u00e3o mais de 1200 fam\u00edlias em cinco acampamentos.<\/p>\n<p>Em julho de 2015, o acampamento do MST na fazenda Casa Branca, em Tumiritinga, sofreu v\u00e1rios ataques com tratores blindados e avi\u00e3o pelo suposto propriet\u00e1rio Genil Mata da Cruz, que na \u00e9poca era prefeito de Central de Minas pelo Partido Progressista (PP). Nesse ataque o avi\u00e3o caiu causando a morte do mesmo e de mais um tripulante. Ap\u00f3s o acidente, a fam\u00edlia de Genil fez v\u00e1rias amea\u00e7as \u00e0s lideran\u00e7as locais, entre elas Gouveia. <\/p>\n<p>Recentemente outro conflito se deu na fazenda Pedra Corrida, supostamente propriedade da CENIBRA, uma \u00e1rea com mais de 10.000 hectares com forte suspeita de grilagem. Atualmente mais de 600 fam\u00edlias est\u00e3o ocupando tal fazenda, no munic\u00edpio de Periquito.<\/p>\n<p>Minas Gerais tem um extenso hist\u00f3rico de conflitos agr\u00e1rios. Em 2004, no Vale do Jequitinhonha, cinco trabalhadores foram brutalmente assassinados pelo fazendeiro Adriano Chafick Luedy, r\u00e9u confesso e condenado a mais de cem anos de pris\u00e3o. Este, no entanto, continua em liberdade por decis\u00e3o da justi\u00e7a brasileira. <\/p>\n<p>O clima em Minas Gerais \u00e9 de muita tens\u00e3o. No dia 9 de abril desse ano, no munic\u00edpio de Capit\u00e3o En\u00e9as, Norte de Minas, jagun\u00e7os e o grileiro Leonardo Andrade fizeram uma emboscada contra as fam\u00edlias acampadas na fazenda Norte Am\u00e9rica, ferindo a bala tr\u00eas pessoas. <\/p>\n<p>Atualmente existem quarenta e sete acampamentos com aproximadamente sete mil fam\u00edlias acampadas do MST, em nove regi\u00f5es do estado. A solu\u00e7\u00e3o destes conflitos s\u00f3 ser\u00e1 poss\u00edvel com medidas concretas do Estado: assentar nossas fam\u00edlias e punir os respons\u00e1veis por estas atrocidades. A impunidade \u00e9 uma das principais causas destes crimes, por isso exigimos a imediata apura\u00e7\u00e3o e pris\u00e3o dos criminosos.&#8221;<\/em><\/p>\n<p><strong>VER PRIMEIRO<\/strong><\/p>\n<p><strong>Receba as not\u00edcias do Aconteceu no Vale em primeira m\u00e3o. Clique em curtir no endere\u00e7o <a href=\"https:\/\/www.facebook.com\/aconteceunovale\" target=\"_blank\"><font color=\"red\">www.facebook.com\/aconteceunovale<\/font><\/a> ou no box abaixo:<\/strong><\/p>\n<div class=\"fb-like\" data-href=\"https:\/\/www.facebook.com\/aconteceunovale\" data-width=\"120\" data-layout=\"standard\" data-action=\"like\" data-size=\"small\" data-show-faces=\"true\" data-share=\"true\"><\/div>\n<p><\/br><\/p>\n<p><em>(Com informa\u00e7\u00f5es da Ag\u00eancia Brasil, G1 dos Vales e MST)<\/em><\/p>\n","protected":false},"excerpt":{"rendered":"<p>Um trabalhador rural foi assassinado com dez tiros nesse domingo (23\/04\/2017), no munic\u00edpio de Periquito, na regi\u00e3o do Vale do Rio Doce. Silvino Nunes Gouveia morava pr\u00f3ximo ao Assentamento Liberdade, do Movimento dos Trabalhadores Rurais Sem Terra (MST), e, por volta das 20h, foi chamado por uma pessoa ainda n\u00e3o identificada e acabou alvejado pelos [&hellip;]<\/p>\n","protected":false},"author":1,"featured_media":113457,"comment_status":"open","ping_status":"closed","sticky":false,"template":"","format":"standard","meta":{"amp_status":"","footnotes":""},"categories":[121],"tags":[146913,146916,146736,24768,146918,72297,36873,16686,1670,70381,146917,146915,146914],"class_list":["post-113456","post","type-post","status-publish","format-standard","has-post-thumbnail","hentry","category-leste","tag-assassinato","tag-assentamento-liberdade","tag-conflito-agrario","tag-homicidio-em-periquito","tag-integrante-do-mst-e-assassinado-com-dez-tiros-no-vale-do-rio-doce","tag-morto-em-periquito","tag-movimento-dos-trabalhadores-rurais-sem-terra","tag-mst","tag-periquito","tag-reforma-agraria","tag-silvino-nunes-gouveia","tag-trabalhador-rural-e-assassinado-com-dez-tiros-em-periquito","tag-trabalhador-rural-e-assassinado-com-dez-tiros-no-vale-do-rio-doce"],"_links":{"self":[{"href":"https:\/\/aconteceunovale.com.br\/portal\/index.php?rest_route=\/wp\/v2\/posts\/113456","targetHints":{"allow":["GET"]}}],"collection":[{"href":"https:\/\/aconteceunovale.com.br\/portal\/index.php?rest_route=\/wp\/v2\/posts"}],"about":[{"href":"https:\/\/aconteceunovale.com.br\/portal\/index.php?rest_route=\/wp\/v2\/types\/post"}],"author":[{"embeddable":true,"href":"https:\/\/aconteceunovale.com.br\/portal\/index.php?rest_route=\/wp\/v2\/users\/1"}],"replies":[{"embeddable":true,"href":"https:\/\/aconteceunovale.com.br\/portal\/index.php?rest_route=%2Fwp%2Fv2%2Fcomments&post=113456"}],"version-history":[{"count":0,"href":"https:\/\/aconteceunovale.com.br\/portal\/index.php?rest_route=\/wp\/v2\/posts\/113456\/revisions"}],"wp:featuredmedia":[{"embeddable":true,"href":"https:\/\/aconteceunovale.com.br\/portal\/index.php?rest_route=\/wp\/v2\/media\/113457"}],"wp:attachment":[{"href":"https:\/\/aconteceunovale.com.br\/portal\/index.php?rest_route=%2Fwp%2Fv2%2Fmedia&parent=113456"}],"wp:term":[{"taxonomy":"category","embeddable":true,"href":"https:\/\/aconteceunovale.com.br\/portal\/index.php?rest_route=%2Fwp%2Fv2%2Fcategories&post=113456"},{"taxonomy":"post_tag","embeddable":true,"href":"https:\/\/aconteceunovale.com.br\/portal\/index.php?rest_route=%2Fwp%2Fv2%2Ftags&post=113456"}],"curies":[{"name":"wp","href":"https:\/\/api.w.org\/{rel}","templated":true}]}}