{"id":113345,"date":"2017-04-22T20:07:08","date_gmt":"2017-04-22T22:07:08","guid":{"rendered":"http:\/\/aconteceunovale.com.br\/portal\/?p=113345"},"modified":"2017-04-23T13:26:04","modified_gmt":"2017-04-23T15:26:04","slug":"nove-trabalhadores-rurais-sao-executados-em-mato-grosso","status":"publish","type":"post","link":"https:\/\/aconteceunovale.com.br\/portal\/?p=113345","title":{"rendered":"Nove trabalhadores rurais s\u00e3o executados em Mato Grosso"},"content":{"rendered":"<p>Os corpos das nove pessoas assassinadas na \u00faltima quinta-feira (20) em uma \u00e1rea rural do munic\u00edpio de Colniza, em Mato Grosso, j\u00e1 foram identificados e liberados pela Per\u00edcia Oficial e Identifica\u00e7\u00e3o T\u00e9cnica (Politec) do estado. S\u00e3o eles: F\u00e1bio Rodrigues dos Santos, Izaul Brito dos Santos, Ezequias Santos de Oliveira, Samuel Ant\u00f4nio da Cunha, Francisco Chaves da Silva, Sebasti\u00e3o Ferreira de Souza, Aldo Aparecido Carlini, Edson Alves Antunes e Valmir Rangeu do Nascimento.<\/p>\n<p>Sete v\u00edtimas s\u00e3o de Rond\u00f4nia, uma de Mato Grosso e uma de Alagoas, todos homens adultos.<\/p>\n<p>A chacina ocorreu perto do distrito de Guariba, em uma \u00e1rea denominada Taquaru\u00e7u do Norte, a 350 quil\u00f4metros da sede de Colniza. O munic\u00edpio, que \u00e9 um dos l\u00edderes no ranking de desmatamentos na Amaz\u00f4nia, fica a 1.065 quil\u00f4metros de Cuiab\u00e1. Os oito corpos j\u00e1 foram liberados pela per\u00edcia. Um ser\u00e1 sepultado em Cerejeiras (RO), tr\u00eas em Guariba e cinco em Colniza.<\/p>\n<p>De acordo com a Comiss\u00e3o Pastoral da Terra (CPT), h\u00e1 mais de dez anos os conflitos fundi\u00e1rios s\u00e3o comuns no local, onde j\u00e1 ocorreram outros assassinatos e agress\u00f5es. A CPT informou que investiga\u00e7\u00f5es policiais feitas nos \u00faltimos anos apontaram que \u201cos gerentes das fazendas na regi\u00e3o comandavam uma rede de capangas, altamente armados, que usavam do terror para que a \u00e1rea fosse desocupada pelos pequenos produtores\u201d.<\/p>\n<p>Os nove corpos foram resgatados na sexta-feira (21) no fim do dia e o transporte at\u00e9 Colniza foi feito durante a madrugada de ontem (22). Informa\u00e7\u00f5es preliminares apontam que as v\u00edtimas apresentam sinais de facadas e tiros.<\/p>\n<p>Policiais civis e militares est\u00e3o no local do crime apurando os fatos das mortes. A Secretaria de Seguran\u00e7a P\u00fablica de Mato Grosso deslocou uma equipe de investigadores e peritos de Cuiab\u00e1 para refor\u00e7ar as investiga\u00e7\u00f5es na regi\u00e3o. A prefeitura de Colniza e a par\u00f3quia do munic\u00edpio tamb\u00e9m est\u00e3o colaborando no caso.<\/p>\n<p><img decoding=\"async\" src=\"http:\/\/aconteceunovale.com.br\/portal\/wp-content\/uploads\/2017\/04\/chacina_matogrosso.jpg\" alt=\"\" \/><em>Chacina aconteceu pr\u00f3ximo ao distrito de Guariba (Foto: Reprodu\u00e7\u00e3o)<\/em><br \/>\n<\/br><\/p>\n<p><strong>VER PRIMEIRO<\/strong><\/p>\n<p><strong>Receba as not\u00edcias do Aconteceu no Vale em primeira m\u00e3o. Clique em curtir no endere\u00e7o <a href=\"https:\/\/www.facebook.com\/aconteceunovale\" target=\"_blank\"><font color=\"red\">www.facebook.com\/aconteceunovale<\/font><\/a> ou no box abaixo:<\/strong><\/p>\n<div class=\"fb-like\" data-href=\"https:\/\/www.facebook.com\/aconteceunovale\" data-width=\"120\" data-layout=\"standard\" data-action=\"like\" data-size=\"small\" data-show-faces=\"true\" data-share=\"true\"><\/div>\n<p><\/br><\/p>\n<p><em>(Fonte: Ag\u00eancia Brasil)<\/em><\/p>\n","protected":false},"excerpt":{"rendered":"<p>Os corpos das nove pessoas assassinadas na \u00faltima quinta-feira (20) em uma \u00e1rea rural do munic\u00edpio de Colniza, em Mato Grosso, j\u00e1 foram identificados e liberados pela Per\u00edcia Oficial e Identifica\u00e7\u00e3o T\u00e9cnica (Politec) do estado. S\u00e3o eles: F\u00e1bio Rodrigues dos Santos, Izaul Brito dos Santos, Ezequias Santos de Oliveira, Samuel Ant\u00f4nio da Cunha, Francisco Chaves [&hellip;]<\/p>\n","protected":false},"author":1,"featured_media":113346,"comment_status":"open","ping_status":"closed","sticky":false,"template":"","format":"standard","meta":{"amp_status":"","footnotes":""},"categories":[6],"tags":[146769,31514,146745,146742,146743,146744,146736,146770,30154,146765,146763,146767,146741,146764,59830,146739,146740,146738,146766,146768,146737],"class_list":["post-113345","post","type-post","status-publish","format-standard","has-post-thumbnail","hentry","category-br","tag-aldo-aparecido-carlini","tag-chacina","tag-chacina-colniza","tag-chacina-guariba","tag-chacina-mato-grosso","tag-colniza","tag-conflito-agrario","tag-edson-alves-antunes-e-valmir-rangeu-do-nascimento","tag-execucao","tag-ezequias-santos-de-oliveira","tag-fabio-rodrigues-dos-santos","tag-francisco-chaves-da-silva","tag-guariba","tag-izaul-brito-dos-santos","tag-mato-grosso","tag-nove-trabalhadores-rurais-sao-executados-em-coliniza","tag-nove-trabalhadores-rurais-sao-executados-em-guariba","tag-nove-trabalhadores-rurais-sao-executados-em-mato-grosso","tag-samuel-antonio-da-cunha","tag-sebastiao-ferreira-de-souza","tag-trabalhadores-rurais"],"_links":{"self":[{"href":"https:\/\/aconteceunovale.com.br\/portal\/index.php?rest_route=\/wp\/v2\/posts\/113345","targetHints":{"allow":["GET"]}}],"collection":[{"href":"https:\/\/aconteceunovale.com.br\/portal\/index.php?rest_route=\/wp\/v2\/posts"}],"about":[{"href":"https:\/\/aconteceunovale.com.br\/portal\/index.php?rest_route=\/wp\/v2\/types\/post"}],"author":[{"embeddable":true,"href":"https:\/\/aconteceunovale.com.br\/portal\/index.php?rest_route=\/wp\/v2\/users\/1"}],"replies":[{"embeddable":true,"href":"https:\/\/aconteceunovale.com.br\/portal\/index.php?rest_route=%2Fwp%2Fv2%2Fcomments&post=113345"}],"version-history":[{"count":0,"href":"https:\/\/aconteceunovale.com.br\/portal\/index.php?rest_route=\/wp\/v2\/posts\/113345\/revisions"}],"wp:featuredmedia":[{"embeddable":true,"href":"https:\/\/aconteceunovale.com.br\/portal\/index.php?rest_route=\/wp\/v2\/media\/113346"}],"wp:attachment":[{"href":"https:\/\/aconteceunovale.com.br\/portal\/index.php?rest_route=%2Fwp%2Fv2%2Fmedia&parent=113345"}],"wp:term":[{"taxonomy":"category","embeddable":true,"href":"https:\/\/aconteceunovale.com.br\/portal\/index.php?rest_route=%2Fwp%2Fv2%2Fcategories&post=113345"},{"taxonomy":"post_tag","embeddable":true,"href":"https:\/\/aconteceunovale.com.br\/portal\/index.php?rest_route=%2Fwp%2Fv2%2Ftags&post=113345"}],"curies":[{"name":"wp","href":"https:\/\/api.w.org\/{rel}","templated":true}]}}