{"id":113342,"date":"2017-04-22T19:31:49","date_gmt":"2017-04-22T21:31:49","guid":{"rendered":"http:\/\/aconteceunovale.com.br\/portal\/?p=113342"},"modified":"2017-04-22T19:31:49","modified_gmt":"2017-04-22T21:31:49","slug":"adolescente-e-assaltada-apos-sair-de-escola-em-aracuai","status":"publish","type":"post","link":"https:\/\/aconteceunovale.com.br\/portal\/?p=113342","title":{"rendered":"Adolescente \u00e9 assaltada ap\u00f3s sair de escola em Ara\u00e7ua\u00ed"},"content":{"rendered":"<p>Uma adolescente de 15 anos teve o celular roubado, no final da manh\u00e3 deste s\u00e1bado (22\/04\/2017), quando saia de um curso de ingl\u00eas, na Rua Dom Serafim, regi\u00e3o central de Ara\u00e7ua\u00ed, no Vale do Jequitinhonha.<\/p>\n<p>A garota contou que deixou o curso junto com uma amiga de 12 anos e que andava tranquilamente pela cal\u00e7ada, seguindo de volta para casa, quando foi abordada por um elemento moreno escuro, calvo, aparentando cerca de 40 anos. \u201cEle parecia estar drogado. N\u00e3o falava coisa com coisa. Ele me empurrou e em seguida, arrancou o celular que estava no bolso traseiro da minha cal\u00e7a e fugiu por uma rua lateral\u201d, contou a adolescente bastante abalada.<\/p>\n<p>O assalto ocorreu por volta das 11 da manh\u00e3, nas proximidades de um posto de gasolina, de propriedade da fam\u00edlia dela, no bairro Esplanada.<\/p>\n<p>De acordo com os familiares, o celular roubado custa em torno de R$ 1.200 reais. \u201cCertamente v\u00e3o troc\u00e1-lo por drogas\u201d, acredita a m\u00e3e da menina.<\/p>\n<p>Indignada, ela contou que o sentimento de inseguran\u00e7a ronda a todos na cidade. \u201cDeixei de levar meu celular nas caminhadas que fa\u00e7o\u201d, disse ela.<\/p>\n<p>Furto e roubo de celulares est\u00e3o se tornando ocorr\u00eancias frequentes na cidade.<\/p>\n<p>Um tio da adolescente destacou que o pior destas situa\u00e7\u00f5es \u00e9 o trauma que pode ficar nas v\u00edtimas. &#8220;Ela (a sobrinha) jamais vai esquecer&#8221;, disse ele.<\/p>\n<p>A Pol\u00edcia Militar foi acionada e fez rastreamentos, mas nenhum suspeito foi detido ou identificado.<\/p>\n<p><img decoding=\"async\" src=\"http:\/\/aconteceunovale.com.br\/portal\/wp-content\/uploads\/2017\/04\/assalto_aracuai_escola.jpg\" alt=\"\" \/><em>Pol\u00edcia Militar registrou a ocorr\u00eancia (Foto: Gazeta de Ara\u00e7ua\u00ed)<\/em><br \/>\n<\/br><\/p>\n<p><strong>VER PRIMEIRO<\/strong><\/p>\n<p><strong>Receba as not\u00edcias do Aconteceu no Vale em primeira m\u00e3o. Clique em curtir no endere\u00e7o <a href=\"https:\/\/www.facebook.com\/aconteceunovale\" target=\"_blank\"><font color=\"red\">www.facebook.com\/aconteceunovale<\/font><\/a> ou no box abaixo:<\/strong><\/p>\n<div class=\"fb-like\" data-href=\"https:\/\/www.facebook.com\/aconteceunovale\" data-width=\"120\" data-layout=\"standard\" data-action=\"like\" data-size=\"small\" data-show-faces=\"true\" data-share=\"true\"><\/div>\n<p><\/br><\/p>\n<p><em>(Fonte: Gazeta de Ara\u00e7ua\u00ed)<\/em><\/p>\n","protected":false},"excerpt":{"rendered":"<p>Uma adolescente de 15 anos teve o celular roubado, no final da manh\u00e3 deste s\u00e1bado (22\/04\/2017), quando saia de um curso de ingl\u00eas, na Rua Dom Serafim, regi\u00e3o central de Ara\u00e7ua\u00ed, no Vale do Jequitinhonha. A garota contou que deixou o curso junto com uma amiga de 12 anos e que andava tranquilamente pela cal\u00e7ada, [&hellip;]<\/p>\n","protected":false},"author":1,"featured_media":113343,"comment_status":"open","ping_status":"closed","sticky":false,"template":"","format":"standard","meta":{"amp_status":"","footnotes":""},"categories":[120],"tags":[146733,146732,146734,186,33634,146735,48601],"class_list":["post-113342","post","type-post","status-publish","format-standard","has-post-thumbnail","hentry","category-jequi","tag-adolescente-assaltada-em-aracuai","tag-adolescente-e-assaltada-apos-sair-de-escola-em-aracuai","tag-adolescente-roubada-em-aracuai","tag-aracuai","tag-assalto-em-aracuai","tag-roubo-de-celular-em-aracuai","tag-roubo-em-aracuai"],"_links":{"self":[{"href":"https:\/\/aconteceunovale.com.br\/portal\/index.php?rest_route=\/wp\/v2\/posts\/113342","targetHints":{"allow":["GET"]}}],"collection":[{"href":"https:\/\/aconteceunovale.com.br\/portal\/index.php?rest_route=\/wp\/v2\/posts"}],"about":[{"href":"https:\/\/aconteceunovale.com.br\/portal\/index.php?rest_route=\/wp\/v2\/types\/post"}],"author":[{"embeddable":true,"href":"https:\/\/aconteceunovale.com.br\/portal\/index.php?rest_route=\/wp\/v2\/users\/1"}],"replies":[{"embeddable":true,"href":"https:\/\/aconteceunovale.com.br\/portal\/index.php?rest_route=%2Fwp%2Fv2%2Fcomments&post=113342"}],"version-history":[{"count":0,"href":"https:\/\/aconteceunovale.com.br\/portal\/index.php?rest_route=\/wp\/v2\/posts\/113342\/revisions"}],"wp:featuredmedia":[{"embeddable":true,"href":"https:\/\/aconteceunovale.com.br\/portal\/index.php?rest_route=\/wp\/v2\/media\/113343"}],"wp:attachment":[{"href":"https:\/\/aconteceunovale.com.br\/portal\/index.php?rest_route=%2Fwp%2Fv2%2Fmedia&parent=113342"}],"wp:term":[{"taxonomy":"category","embeddable":true,"href":"https:\/\/aconteceunovale.com.br\/portal\/index.php?rest_route=%2Fwp%2Fv2%2Fcategories&post=113342"},{"taxonomy":"post_tag","embeddable":true,"href":"https:\/\/aconteceunovale.com.br\/portal\/index.php?rest_route=%2Fwp%2Fv2%2Ftags&post=113342"}],"curies":[{"name":"wp","href":"https:\/\/api.w.org\/{rel}","templated":true}]}}