{"id":113205,"date":"2017-04-20T21:58:16","date_gmt":"2017-04-20T23:58:16","guid":{"rendered":"http:\/\/aconteceunovale.com.br\/portal\/?p=113205"},"modified":"2017-04-20T21:58:16","modified_gmt":"2017-04-20T23:58:16","slug":"prefeito-de-conceicao-do-mato-dentro-e-citado-em-lista-de-contribuicoes-ilegais-da-odebrecht","status":"publish","type":"post","link":"https:\/\/aconteceunovale.com.br\/portal\/?p=113205","title":{"rendered":"Prefeito de Concei\u00e7\u00e3o do Mato Dentro \u00e9 citado em lista de contribui\u00e7\u00f5es ilegais da Odebrecht"},"content":{"rendered":"<p>O prefeito de Concei\u00e7\u00e3o do Mato Dentro, Jos\u00e9 Fernando Aparecido de Oliveira (PMDB) consta em uma lista de contribui\u00e7\u00f5es ilegais feitas pela Odebrecht entre 2008 e 2014. A lista foi entregue pelo ex-executivo da Odebrecht Benedicto Barbosa da Silva J\u00fanior \u00e0 Justi\u00e7a.<\/p>\n<p>No dia 11 de abril, o ministro Edson Fachin, relator da Lava Jato no Supremo Tribunal Federal (STF), autorizou investiga\u00e7\u00f5es contra pol\u00edticos a partir do pedido do procurador-geral da Rep\u00fablica, Rodrigo Janot. A PGR fez o pedido com base nas dela\u00e7\u00f5es dos ex-executivos da Odebrecht.<\/p>\n<p>De acordo com a lista do ex-executivo do Departamento de Opera\u00e7\u00f5es Estruturadas, conhecido como setor de propina, Oliveira tem o apelido de Azeitona. Em 2010, quando foi candidato ao governo de Minas pelo PV, ele teria recebido R$ 50 mil. O dinheiro seria para desenvolver projetos de infraestrutura de interesse da Odebrecht.<\/p>\n<p>Em nota, Jos\u00e9 Fernando Aparecido de Oliveira disse que n\u00e3o teve e n\u00e3o tem qualquer relacionamento com executivos da Odebrecht. Segundo ele, sua campanha para governador em 2010 era de oposi\u00e7\u00e3o e, na \u00e9poca, ele n\u00e3o exercia qualquer outro cargo no executivo estadual ou federal, que justificasse a tentativa de coopta\u00e7\u00e3o por parte da construtora.<\/p>\n<p><img decoding=\"async\" src=\"http:\/\/aconteceunovale.com.br\/portal\/wp-content\/uploads\/2017\/04\/ze_fernando.jpg\" alt=\"\" \/><em>Z\u00e9 Fernando \u00e9 o atual prefeito de Concei\u00e7\u00e3o (Foto: Divulga\u00e7\u00e3o)<\/em><br \/>\n<\/br><\/p>\n<p><strong>VER PRIMEIRO<\/strong><\/p>\n<p><strong>Receba as not\u00edcias do Aconteceu no Vale em primeira m\u00e3o. Clique em curtir no endere\u00e7o <a href=\"https:\/\/www.facebook.com\/aconteceunovale\" target=\"_blank\"><font color=\"red\">www.facebook.com\/aconteceunovale<\/font><\/a> ou no box abaixo:<\/strong><\/p>\n<div class=\"fb-like\" data-href=\"https:\/\/www.facebook.com\/aconteceunovale\" data-width=\"120\" data-layout=\"standard\" data-action=\"like\" data-size=\"small\" data-show-faces=\"true\" data-share=\"true\"><\/div>\n<p><\/br><\/p>\n<p><em>(Fonte: G1 Minas)<\/em><\/p>\n","protected":false},"excerpt":{"rendered":"<p>O prefeito de Concei\u00e7\u00e3o do Mato Dentro, Jos\u00e9 Fernando Aparecido de Oliveira (PMDB) consta em uma lista de contribui\u00e7\u00f5es ilegais feitas pela Odebrecht entre 2008 e 2014. A lista foi entregue pelo ex-executivo da Odebrecht Benedicto Barbosa da Silva J\u00fanior \u00e0 Justi\u00e7a. No dia 11 de abril, o ministro Edson Fachin, relator da Lava Jato [&hellip;]<\/p>\n","protected":false},"author":1,"featured_media":113206,"comment_status":"open","ping_status":"closed","sticky":false,"template":"","format":"standard","meta":{"amp_status":"","footnotes":""},"categories":[123,40240],"tags":[145981,84672,84671,40575,628,682,82748,145987,27144,84675,145986,84669,146335,28515,18095,145978,145977,146015,145979,84680,146016,17299,146549,146548,99280,84670,145980,13969,145976,145985,145984,84673,84674,84668],"class_list":["post-113205","post","type-post","status-publish","format-standard","has-post-thumbnail","hentry","category-gerais","category-politica-2","tag-apelidos-dos-partidos-na-planilha-da-odebrecht","tag-apelidos-dos-politicos-na-lista-da-odebrecht","tag-apelidos-dos-politicos-na-lista-de-propina-da-odebrecht","tag-atletico-mg","tag-conceicao-do-mato-dentro","tag-cruzeiro","tag-delacao-premiada","tag-inqueritos","tag-lava-jato","tag-lista-da-odebrecht","tag-lista-de-fachin","tag-lista-de-propina-da-odebrecht","tag-mais-de-40-politicos-mineiros-aparecem-em-planilha-de-contribuicoes-ilegais-da-odebrecht","tag-odebrecht","tag-operacao-lava-jato","tag-pagamento-de-propina-planilha-da-odebrecht","tag-planilha-da-odebrecht","tag-planilha-da-odebrecht-lista-pagamentos-a-179-politicos-em-sete-anos","tag-planilha-de-propina-da-odebrecht","tag-planilha-mostra-pagamentos-a-200-politicos","tag-politicos-na-planilha-da-odebrecht","tag-pp","tag-prefeito-de-conceicao-do-mato-dentro","tag-prefeito-de-conceicao-do-mato-dentro-e-citado-em-lista-de-contribuicoes-ilegais-da-odebrecht","tag-propina","tag-propina-da-odebrecht","tag-propina-odebrecht","tag-psol","tag-psol-e-atletico-mg-e-pp-e-cruzeiro-em-planilha-da-odebrecht","tag-setor-de-propinas-da-odebrecht","tag-setor-de-propinas-da-odebrecht-pagou-r-10-bilhoes-entre-2006-e-2014","tag-veja-a-lista-de-apelidos-dados-em-planilhas-da-odebrechet","tag-veja-os-apelidos-dos-politicos-na-lista-da-odebrecht","tag-veja-os-apelidos-dos-politicos-na-lista-de-propina-da-odebrecht"],"_links":{"self":[{"href":"https:\/\/aconteceunovale.com.br\/portal\/index.php?rest_route=\/wp\/v2\/posts\/113205","targetHints":{"allow":["GET"]}}],"collection":[{"href":"https:\/\/aconteceunovale.com.br\/portal\/index.php?rest_route=\/wp\/v2\/posts"}],"about":[{"href":"https:\/\/aconteceunovale.com.br\/portal\/index.php?rest_route=\/wp\/v2\/types\/post"}],"author":[{"embeddable":true,"href":"https:\/\/aconteceunovale.com.br\/portal\/index.php?rest_route=\/wp\/v2\/users\/1"}],"replies":[{"embeddable":true,"href":"https:\/\/aconteceunovale.com.br\/portal\/index.php?rest_route=%2Fwp%2Fv2%2Fcomments&post=113205"}],"version-history":[{"count":0,"href":"https:\/\/aconteceunovale.com.br\/portal\/index.php?rest_route=\/wp\/v2\/posts\/113205\/revisions"}],"wp:featuredmedia":[{"embeddable":true,"href":"https:\/\/aconteceunovale.com.br\/portal\/index.php?rest_route=\/wp\/v2\/media\/113206"}],"wp:attachment":[{"href":"https:\/\/aconteceunovale.com.br\/portal\/index.php?rest_route=%2Fwp%2Fv2%2Fmedia&parent=113205"}],"wp:term":[{"taxonomy":"category","embeddable":true,"href":"https:\/\/aconteceunovale.com.br\/portal\/index.php?rest_route=%2Fwp%2Fv2%2Fcategories&post=113205"},{"taxonomy":"post_tag","embeddable":true,"href":"https:\/\/aconteceunovale.com.br\/portal\/index.php?rest_route=%2Fwp%2Fv2%2Ftags&post=113205"}],"curies":[{"name":"wp","href":"https:\/\/api.w.org\/{rel}","templated":true}]}}