{"id":113201,"date":"2017-04-20T21:30:40","date_gmt":"2017-04-20T23:30:40","guid":{"rendered":"http:\/\/aconteceunovale.com.br\/portal\/?p=113201"},"modified":"2017-04-20T21:30:40","modified_gmt":"2017-04-20T23:30:40","slug":"policia-registra-homicidios-em-aimores-e-central-de-minas-no-vale-do-rio-doce","status":"publish","type":"post","link":"https:\/\/aconteceunovale.com.br\/portal\/?p=113201","title":{"rendered":"Pol\u00edcia registra homic\u00eddios em Aimor\u00e9s e Central de Minas, no Vale do Rio Doce"},"content":{"rendered":"<p>Um homem de 56 anos foi morto a tiros, no quintal de uma casa, em Aimor\u00e9s, na madrugada desta quinta-feira (20\/04\/2017). A Pol\u00edcia Militar informou que o criminoso teria tentado fugir com a moto da v\u00edtima L\u00facio Luiz de Lima.<\/p>\n<p>O crime foi no Morro da Matriz, no local conhecido como Beco Vai e Volta. Moradores vizinhos ouviram os disparos e encontram o corpo do homem ca\u00eddo no quintal de uma casa. A per\u00edcia foi at\u00e9 a resid\u00eancia e apreendeu cinco c\u00e1psulas de bala e um objeto de chumbo, semelhante a um proj\u00e9til de arma de fogo, pr\u00f3ximas ao corpo.<\/p>\n<p>A PM identificou, e ainda procura, por um adolescente que \u00e9 suspeito do crime. Ele tamb\u00e9m \u00e9 suspeito de cometer homic\u00eddios na cidade e de ter envolvimento com o tr\u00e1fico de drogas. O adolescente teria sofrido um acidente na hora da fuga e abandonado a motocicleta pr\u00f3ximo ao Beco Vai e Volta. O ve\u00edculo foi apreendido pela pol\u00edcia e levado a um p\u00e1tio da cidade. O corpo da v\u00edtima foi levado ao IML de Governador Valadares, ainda n\u00e3o se sabe a motiva\u00e7\u00e3o do crime.<\/p>\n<p><img decoding=\"async\" src=\"http:\/\/aconteceunovale.com.br\/portal\/wp-content\/uploads\/2017\/04\/homicidio_aimores_2.jpg\" alt=\"\" \/><em>Homem foi morto em beco no Morro da Matriz (Foto: Reprodu\u00e7\u00e3o\/WhatsApp)<\/em><br \/>\n<\/br><\/p>\n<h3>Morto a tiros em Central de Minas<\/h3>\n<p>Um homem de 26 anos morreu, e outro, de 31, foi baleado na noite dessa quarta-feira (19), em Central de Minas. Segundo a Pol\u00edcia Militar, uma das v\u00edtimas, identificada como Francismario Condaque da Cunha, foi morta com tiros na face, e a outra foi socorrida em estado grave, com tiros na face e no antebra\u00e7o.<\/p>\n<p>Segundo a PM, as v\u00edtimas estavam sentadas em uma cal\u00e7ada do Bairro Franklin, conversando, quando criminosos se aproximaram em um carro e atiraram contra os homens. Uma das v\u00edtimas n\u00e3o resistiu aos ferimentos e morreu na hora, a outra foi levada para o hospital de Governador Valadares.<\/p>\n<p>As duas v\u00edtimas t\u00eam passagens por furto e tr\u00e1fico de drogas; ainda n\u00e3o se sabe o que teria motivado o crime, mas a pol\u00edcia procura por suspeitos. Segundo a PM, na manh\u00e3 desta quinta-feira (20), a per\u00edcia da Pol\u00edcia Civil se deslocou para Central de Minas para fazer o recolhimento do corpo.<\/p>\n<p><strong>VER PRIMEIRO<\/strong><\/p>\n<p><strong>Receba as not\u00edcias do Aconteceu no Vale em primeira m\u00e3o. Clique em curtir no endere\u00e7o <a href=\"https:\/\/www.facebook.com\/aconteceunovale\" target=\"_blank\"><font color=\"red\">www.facebook.com\/aconteceunovale<\/font><\/a> ou no box abaixo:<\/strong><\/p>\n<div class=\"fb-like\" data-href=\"https:\/\/www.facebook.com\/aconteceunovale\" data-width=\"120\" data-layout=\"standard\" data-action=\"like\" data-size=\"small\" data-show-faces=\"true\" data-share=\"true\"><\/div>\n<p><\/br><\/p>\n<p><em>Com informa\u00e7\u00f5es do G1 dos Vales)<\/em><\/p>\n","protected":false},"excerpt":{"rendered":"<p>Um homem de 56 anos foi morto a tiros, no quintal de uma casa, em Aimor\u00e9s, na madrugada desta quinta-feira (20\/04\/2017). A Pol\u00edcia Militar informou que o criminoso teria tentado fugir com a moto da v\u00edtima L\u00facio Luiz de Lima. O crime foi no Morro da Matriz, no local conhecido como Beco Vai e Volta. [&hellip;]<\/p>\n","protected":false},"author":1,"featured_media":113202,"comment_status":"open","ping_status":"closed","sticky":false,"template":"","format":"standard","meta":{"amp_status":"","footnotes":""},"categories":[121],"tags":[273,1671,146546,146543,146544,146542,146547,146545,146540,146541,146539],"class_list":["post-113201","post","type-post","status-publish","format-standard","has-post-thumbnail","hentry","category-leste","tag-aimores","tag-central-de-minas","tag-francismario-condaque-da-cunha","tag-homicidio-em-aimores","tag-homicidio-em-central-de-minas","tag-morte-em-aimores","tag-morto-a-tiros-em-central-de-minas","tag-morto-no-quintal-de-casa-em-aimores","tag-policia-registra-homicidio-em-aimores","tag-policia-registra-homicidio-em-central-de-minas","tag-policia-registra-homicidios-em-aimores-e-central-de-minas"],"_links":{"self":[{"href":"https:\/\/aconteceunovale.com.br\/portal\/index.php?rest_route=\/wp\/v2\/posts\/113201","targetHints":{"allow":["GET"]}}],"collection":[{"href":"https:\/\/aconteceunovale.com.br\/portal\/index.php?rest_route=\/wp\/v2\/posts"}],"about":[{"href":"https:\/\/aconteceunovale.com.br\/portal\/index.php?rest_route=\/wp\/v2\/types\/post"}],"author":[{"embeddable":true,"href":"https:\/\/aconteceunovale.com.br\/portal\/index.php?rest_route=\/wp\/v2\/users\/1"}],"replies":[{"embeddable":true,"href":"https:\/\/aconteceunovale.com.br\/portal\/index.php?rest_route=%2Fwp%2Fv2%2Fcomments&post=113201"}],"version-history":[{"count":0,"href":"https:\/\/aconteceunovale.com.br\/portal\/index.php?rest_route=\/wp\/v2\/posts\/113201\/revisions"}],"wp:featuredmedia":[{"embeddable":true,"href":"https:\/\/aconteceunovale.com.br\/portal\/index.php?rest_route=\/wp\/v2\/media\/113202"}],"wp:attachment":[{"href":"https:\/\/aconteceunovale.com.br\/portal\/index.php?rest_route=%2Fwp%2Fv2%2Fmedia&parent=113201"}],"wp:term":[{"taxonomy":"category","embeddable":true,"href":"https:\/\/aconteceunovale.com.br\/portal\/index.php?rest_route=%2Fwp%2Fv2%2Fcategories&post=113201"},{"taxonomy":"post_tag","embeddable":true,"href":"https:\/\/aconteceunovale.com.br\/portal\/index.php?rest_route=%2Fwp%2Fv2%2Ftags&post=113201"}],"curies":[{"name":"wp","href":"https:\/\/api.w.org\/{rel}","templated":true}]}}