{"id":113155,"date":"2017-04-20T11:29:32","date_gmt":"2017-04-20T13:29:32","guid":{"rendered":"http:\/\/aconteceunovale.com.br\/portal\/?p=113155"},"modified":"2017-04-20T11:29:32","modified_gmt":"2017-04-20T13:29:32","slug":"incendio-deixa-oito-pessoas-desalojadas-no-municipio-de-montes-claros","status":"publish","type":"post","link":"https:\/\/aconteceunovale.com.br\/portal\/?p=113155","title":{"rendered":"Inc\u00eandio deixa oito pessoas desalojadas no munic\u00edpio de Montes Claros"},"content":{"rendered":"<p>Oito pessoas, dentre elas, duas crian\u00e7as, ficaram desalojadas depois que as casas em que moravam, na Comunidade Palmital, em Montes Claros, foram incendiadas nesta quarta-feira (19\/04\/2017). De acordo com os Bombeiros, as fam\u00edlias n\u00e3o estavam no local e n\u00e3o houve feridos. Para os militares, os moradores disseram que alguns patos, e uma cachorra com filhotes morreram no inc\u00eandio. O fogo foi combatido em tr\u00eas horas de servi\u00e7o. As causas s\u00e3o desconhecidas.<\/p>\n<p>\u201cEles [a fam\u00edlia] estavam trabalhando, chegaram e depararam com o fogo. Perderam tudo, tudo. Quando chegamos, o inc\u00eandio estava bem avan\u00e7ado; papel\u00e3o e madeira queimam rapidamente. Eles s\u00e3o trabalhadores que trabalham com coleta e reciclagem de lixo\u201d, explica o Tenente Franklin Soares.<\/p>\n<p>As casas eram de madeira, papel\u00e3o e alvenaria. Oito bombeiros combateram \u00e0s chamas com 10 mil litros d\u2019\u00e1gua. \u201cO local n\u00e3o tem energia el\u00e9trica, por isso, descarta-se a possibilidade de curto-circuito ou sobrecarga. As v\u00edtimas s\u00e3o parentes e t\u00eam boa rela\u00e7\u00e3o. Acionamos per\u00edcia e Defesa Civil\u201d, disse.<\/p>\n<p>Segundo o coordenador Eduardo Marques, a secretarias de Defesa Civil e Desenvolvimento Social est\u00e3o acompanhando o caso. \u201cColetamos os nomes das fam\u00edlias para tomarmos as provid\u00eancias, inclusive com possibilidade de ajuda com cestas b\u00e1sicas. Estamos levantando informa\u00e7\u00f5es se os moradores s\u00e3o atendidos pelo Programa Federal &#8220;Minha Casa, Minha Vida&#8221;, informou.<\/p>\n<p><img decoding=\"async\" src=\"http:\/\/aconteceunovale.com.br\/portal\/wp-content\/uploads\/2017\/04\/incendio_moc_casas_1.jpg\" alt=\"\" \/><em>Inc\u00eandio aconteceu em Palmital (Foto: Divulga\u00e7\u00e3o\/Corpo de Bombeiros)<\/em><br \/>\n<\/br><\/p>\n<p><img decoding=\"async\" src=\"http:\/\/aconteceunovale.com.br\/portal\/wp-content\/uploads\/2017\/04\/incendio_moc_casas_2.jpg\" alt=\"\" \/><em>Inc\u00eandio aconteceu em Palmital (Foto: Divulga\u00e7\u00e3o\/Corpo de Bombeiros)<\/em><br \/>\n<\/br><\/p>\n<p><img decoding=\"async\" src=\"http:\/\/aconteceunovale.com.br\/portal\/wp-content\/uploads\/2017\/04\/incendio_moc_casas_3.jpg\" alt=\"\" \/><em>Inc\u00eandio aconteceu em Palmital (Foto: Divulga\u00e7\u00e3o\/Corpo de Bombeiros)<\/em><br \/>\n<\/br><\/p>\n<p><img decoding=\"async\" src=\"http:\/\/aconteceunovale.com.br\/portal\/wp-content\/uploads\/2017\/04\/incendio_moc_casas_4.jpg\" alt=\"\" \/><em>Inc\u00eandio aconteceu em Palmital (Foto: Divulga\u00e7\u00e3o\/Corpo de Bombeiros)<\/em><br \/>\n<\/br><\/p>\n<p><img decoding=\"async\" src=\"http:\/\/aconteceunovale.com.br\/portal\/wp-content\/uploads\/2017\/04\/incendio_moc_casas_5.jpg\" alt=\"\" \/><em>Inc\u00eandio aconteceu em Palmital (Foto: Divulga\u00e7\u00e3o\/Corpo de Bombeiros)<\/em><br \/>\n<\/br><\/p>\n<p><img decoding=\"async\" src=\"http:\/\/aconteceunovale.com.br\/portal\/wp-content\/uploads\/2017\/04\/incendio_moc_casas_6.jpg\" alt=\"\" \/><em>Inc\u00eandio aconteceu em Palmital (Foto: Divulga\u00e7\u00e3o\/Corpo de Bombeiros)<\/em><br \/>\n<\/br><\/p>\n<p><strong>VER PRIMEIRO<\/strong><\/p>\n<p><strong>Receba as not\u00edcias do Aconteceu no Vale em primeira m\u00e3o. Clique em curtir no endere\u00e7o <a href=\"https:\/\/www.facebook.com\/aconteceunovale\" target=\"_blank\"><font color=\"red\">www.facebook.com\/aconteceunovale<\/font><\/a> ou no box abaixo:<\/strong><\/p>\n<div class=\"fb-like\" data-href=\"https:\/\/www.facebook.com\/aconteceunovale\" data-width=\"120\" data-layout=\"standard\" data-action=\"like\" data-size=\"small\" data-show-faces=\"true\" data-share=\"true\"><\/div>\n<p><\/br><\/p>\n<p><em>(Fonte: G1 Grande Minas)<\/em><\/p>\n","protected":false},"excerpt":{"rendered":"<p>Oito pessoas, dentre elas, duas crian\u00e7as, ficaram desalojadas depois que as casas em que moravam, na Comunidade Palmital, em Montes Claros, foram incendiadas nesta quarta-feira (19\/04\/2017). De acordo com os Bombeiros, as fam\u00edlias n\u00e3o estavam no local e n\u00e3o houve feridos. Para os militares, os moradores disseram que alguns patos, e uma cachorra com filhotes [&hellip;]<\/p>\n","protected":false},"author":1,"featured_media":113158,"comment_status":"open","ping_status":"closed","sticky":false,"template":"","format":"standard","meta":{"amp_status":"","footnotes":""},"categories":[1236],"tags":[146482,60747,146483,146484,210],"class_list":["post-113155","post","type-post","status-publish","format-standard","has-post-thumbnail","hentry","category-norte_de_minas","tag-incendio-deixa-oito-pessoas-desalojadas-no-municipio-de-montes-claros","tag-incendio-em-montes-claros","tag-incendio-em-palmital","tag-incendio-na-zona-rural-de-montes-claros","tag-montes-claros"],"_links":{"self":[{"href":"https:\/\/aconteceunovale.com.br\/portal\/index.php?rest_route=\/wp\/v2\/posts\/113155","targetHints":{"allow":["GET"]}}],"collection":[{"href":"https:\/\/aconteceunovale.com.br\/portal\/index.php?rest_route=\/wp\/v2\/posts"}],"about":[{"href":"https:\/\/aconteceunovale.com.br\/portal\/index.php?rest_route=\/wp\/v2\/types\/post"}],"author":[{"embeddable":true,"href":"https:\/\/aconteceunovale.com.br\/portal\/index.php?rest_route=\/wp\/v2\/users\/1"}],"replies":[{"embeddable":true,"href":"https:\/\/aconteceunovale.com.br\/portal\/index.php?rest_route=%2Fwp%2Fv2%2Fcomments&post=113155"}],"version-history":[{"count":0,"href":"https:\/\/aconteceunovale.com.br\/portal\/index.php?rest_route=\/wp\/v2\/posts\/113155\/revisions"}],"wp:featuredmedia":[{"embeddable":true,"href":"https:\/\/aconteceunovale.com.br\/portal\/index.php?rest_route=\/wp\/v2\/media\/113158"}],"wp:attachment":[{"href":"https:\/\/aconteceunovale.com.br\/portal\/index.php?rest_route=%2Fwp%2Fv2%2Fmedia&parent=113155"}],"wp:term":[{"taxonomy":"category","embeddable":true,"href":"https:\/\/aconteceunovale.com.br\/portal\/index.php?rest_route=%2Fwp%2Fv2%2Fcategories&post=113155"},{"taxonomy":"post_tag","embeddable":true,"href":"https:\/\/aconteceunovale.com.br\/portal\/index.php?rest_route=%2Fwp%2Fv2%2Ftags&post=113155"}],"curies":[{"name":"wp","href":"https:\/\/api.w.org\/{rel}","templated":true}]}}