{"id":113141,"date":"2017-04-18T16:04:59","date_gmt":"2017-04-18T18:04:59","guid":{"rendered":"http:\/\/aconteceunovale.com.br\/portal\/?p=113141"},"modified":"2017-04-20T00:07:54","modified_gmt":"2017-04-20T02:07:54","slug":"direto-de-brasilia-leia-na-pagina-da-jornalista-jerusia-arruda-24","status":"publish","type":"post","link":"https:\/\/aconteceunovale.com.br\/portal\/?p=113141","title":{"rendered":"Direto de Bras\u00edlia \u2013 leia na p\u00e1gina da jornalista Jer\u00fasia Arruda"},"content":{"rendered":"<p><center><img decoding=\"async\" src=\"http:\/\/aconteceunovale.com.br\/portal\/wp-content\/uploads\/2017\/01\/jerusia_arruda.jpg\" alt=\"\" \/><a href=\"https:\/\/www.facebook.com\/jerusia.arruda\" target=\"_blank\">JER\u00daSIA ARRUDA &#8211; <font color=\"blue\">www.facebook.com\/jerusia.arruda<\/font><\/a><\/center><br \/>\n<\/br><\/p>\n<p>ABRIL VERMELHO<br \/>\nO Movimento dos Trabalhadores Rurais Sem Terra (MST), iniciado na segunda-feira, chegou ao Pal\u00e1cio do Desenvolvimento, onde fica a sede do Instituto Nacional de Coloniza\u00e7\u00e3o e Reforma Agr\u00e1ria (Incra). Na madrugada desta ter\u00e7a-feira, centenas de militantes ocuparam a entrada principal do pr\u00e9dio, que teve as portas de vidro quebradas. Durante o ato, funcion\u00e1rios tiveram que permanecer no pr\u00e9dio, que teve todos os acessos fechados. O movimento faz parte da Jornada Nacional de Lutas pela Reforma Agr\u00e1ria, tamb\u00e9m conhecida como Abril Vermelho, per\u00edodo em que o MST realiza diversas mobiliza\u00e7\u00f5es em todo o pa\u00eds para reivindicar, principalmente, a democratiza\u00e7\u00e3o do acesso \u00e0 terra. <\/p>\n<p>REFORMA TRABALHISTA<br \/>\nO projeto de Reforma Trabalhista (PL 6787\/16), em tramita\u00e7\u00e3o na C\u00e2mara dos Deputados, foi debatido em audi\u00eancia p\u00fablica conjunta da Comiss\u00e3o de Legisla\u00e7\u00e3o Participativa e da Comiss\u00e3o de Trabalho, Administra\u00e7\u00e3o e Servi\u00e7o P\u00fablico, nesta ter\u00e7a-feira. O projeto altera a Consolida\u00e7\u00e3o das Leis Trabalhistas (CLT, Decreto-lei n\u00ba 5.452\/1943) e outras quatro leis (6.019\/1974, 8.036\/1990, 8.212\/1991 e 8.213\/1991) para permitir, entre outras medidas, que a negocia\u00e7\u00e3o entre empresas e trabalhadores prevale\u00e7a sobre a lei em pontos como parcelamento das f\u00e9rias em at\u00e9 tr\u00eas vezes, jornada de trabalho de at\u00e9 12 horas di\u00e1rias, plano de cargos e sal\u00e1rios, banco de horas e trabalho remoto.<\/p>\n<p>CAIXA 2 OU CORRUP\u00c7\u00c3O<br \/>\nO ministro do Supremo Tribunal Federal e presidente do Tribunal Superior Eleitoral, Gilmar Mendes, continua defendendo a separa\u00e7\u00e3o de acusa\u00e7\u00f5es relativas ao caixa 2 e \u00e0 corrup\u00e7\u00e3o dentro das investiga\u00e7\u00f5es ligadas \u00e0 opera\u00e7\u00e3o Lava-Jato. Para o ministro, o caixa 2, \u201cpuro e simples\u201d n\u00e3o \u00e9 crime. \u201cPode ser um abuso de poder pol\u00edtico ou econ\u00f4mico, mas n\u00e3o se tipifica no artigo 350 do c\u00f3digo eleitoral\u201d. As declara\u00e7\u00f5es foram feiras nesta ter\u00e7a-feira, em Portugal, onde Mendes participa do V Semin\u00e1rio Luso-Brasileiro de Direito, em Lisboa, promovido pela Escola de Direito de Bras\u00edlia do Instituto Brasiliense de Direito P\u00fablico (EDB\/IDP) e pela Faculdade de Direito da Universidade de Lisboa. <\/p>\n<p>MAIS ACESSO<br \/>\nDe acordo com levantamento do Sindicato das Mantenedoras de Ensino Superior de S\u00e3o Paulo (Semesp), o Brasil registrou um crescimento de 20% na quantidade de alunos de baixa renda que se formou em faculdades privadas ao longo de cinco anos. O estudo, feito com base nos dados do Exame Nacional de Desempenho de Estudantes (Enade), mostra que entre 2010 e 2015 houve expans\u00e3o do total de formados que declararam renda familiar de at\u00e9 tr\u00eas sal\u00e1rios m\u00ednimos &#8211; um acr\u00e9scimo de mais de 130 mil estudantes de baixa renda no per\u00edodo. Em 2015, foram cerca de 245,9 mil concluintes no ensino superior privado. <\/p>\n<p>REFORMA DA PREVID\u00caNCIA<br \/>\nO governo apresentou um substitutivo ao projeto de reforma da Previd\u00eancia Social encaminhado ao Congresso, reduzindo de 65 anos para 62 anos para a aposentadoria das mulheres, e tempo m\u00ednimo de contribui\u00e7\u00e3o de 25 anos. Para os homens, foi mantida idade m\u00ednima de 65 anos.  A redu\u00e7\u00e3o foi mais uma tentativa do governo de reduzir as resist\u00eancias \u00e0 aprova\u00e7\u00e3o do projeto de reforma. Na segunda-feira, o presidente Michel Temer se reuniu com a bancada feminina e ouviu apelos para que a idade m\u00ednima para as trabalhadoras fosse menor. O governo aposta que conseguir\u00e1 aprovar a reforma, no m\u00e1ximo, at\u00e9 outubro deste ano. <\/p>\n<p>BRAS\u00cdLIA EM FESTA<br \/>\nApesar de aparecer, na maioria das vezes, somente no notici\u00e1rio sobre pol\u00edtica, a capital federal \u00e9 muito mais que isso. Na verdade, a cidade est\u00e1 radiante, comemorando seus 57 anos. Nesta semana, o Conjunto Nacional, em parceria com a tradicional Banca da Concei\u00e7\u00e3o, promove evento cultural para celebrar o anivers\u00e1rio de Bras\u00edlia, comemorado em 21 de abril. De 20 a 26 de abril, uma programa\u00e7\u00e3o re\u00fane artistas, arquitetos, escritores, poetas, fot\u00f3grafos, jornalistas, grafiteiros, arquitetos e pioneiros participar\u00e3o do evento em homenagem \u00e0 capital do pa\u00eds. A entrada \u00e9 gratuita e livre para todos os p\u00fablicos.  M\u00fasica ao vivo, concurso fotogr\u00e1fico e atividades infantis fazem parte do roteiro. A Banca da Concei\u00e7\u00e3o receber\u00e1 o p\u00fablico na Pra\u00e7a L\u00facio Costa, ao lado do varand\u00e3o do Conjunto Nacional. <\/p>\n<p><strong>VER PRIMEIRO<\/strong><\/p>\n<p><strong>Receba as not\u00edcias do Aconteceu no Vale em primeira m\u00e3o. Clique em curtir no endere\u00e7o <a href=\"https:\/\/www.facebook.com\/aconteceunovale\" target=\"_blank\"><font color=\"red\">www.facebook.com\/aconteceunovale<\/font><\/a> ou no box abaixo:<\/strong><\/p>\n<div class=\"fb-like\" data-href=\"https:\/\/www.facebook.com\/aconteceunovale\" data-width=\"120\" data-layout=\"standard\" data-action=\"like\" data-size=\"small\" data-show-faces=\"true\" data-share=\"true\"><\/div>\n<p><\/br><\/p>\n","protected":false},"excerpt":{"rendered":"<p>JER\u00daSIA ARRUDA &#8211; www.facebook.com\/jerusia.arruda ABRIL VERMELHO O Movimento dos Trabalhadores Rurais Sem Terra (MST), iniciado na segunda-feira, chegou ao Pal\u00e1cio do Desenvolvimento, onde fica a sede do Instituto Nacional de Coloniza\u00e7\u00e3o e Reforma Agr\u00e1ria (Incra). Na madrugada desta ter\u00e7a-feira, centenas de militantes ocuparam a entrada principal do pr\u00e9dio, que teve as portas de vidro quebradas. [&hellip;]<\/p>\n","protected":false},"author":1,"featured_media":106574,"comment_status":"open","ping_status":"closed","sticky":false,"template":"","format":"standard","meta":{"amp_status":"","footnotes":""},"categories":[4927],"tags":[4606,135443,135343,135442,137424,139963,206036],"class_list":["post-113141","post","type-post","status-publish","format-standard","has-post-thumbnail","hentry","category-colunistas","tag-brasilia","tag-coluna-direto-de-brasilia","tag-coluna-jerusia-arruda","tag-direto-de-brasilia","tag-direto-de-brasilia-jerusia-arruda","tag-direto-de-brasilia-coluna-jerusia-arruda","tag-jerusia-arruda"],"_links":{"self":[{"href":"https:\/\/aconteceunovale.com.br\/portal\/index.php?rest_route=\/wp\/v2\/posts\/113141","targetHints":{"allow":["GET"]}}],"collection":[{"href":"https:\/\/aconteceunovale.com.br\/portal\/index.php?rest_route=\/wp\/v2\/posts"}],"about":[{"href":"https:\/\/aconteceunovale.com.br\/portal\/index.php?rest_route=\/wp\/v2\/types\/post"}],"author":[{"embeddable":true,"href":"https:\/\/aconteceunovale.com.br\/portal\/index.php?rest_route=\/wp\/v2\/users\/1"}],"replies":[{"embeddable":true,"href":"https:\/\/aconteceunovale.com.br\/portal\/index.php?rest_route=%2Fwp%2Fv2%2Fcomments&post=113141"}],"version-history":[{"count":0,"href":"https:\/\/aconteceunovale.com.br\/portal\/index.php?rest_route=\/wp\/v2\/posts\/113141\/revisions"}],"wp:featuredmedia":[{"embeddable":true,"href":"https:\/\/aconteceunovale.com.br\/portal\/index.php?rest_route=\/wp\/v2\/media\/106574"}],"wp:attachment":[{"href":"https:\/\/aconteceunovale.com.br\/portal\/index.php?rest_route=%2Fwp%2Fv2%2Fmedia&parent=113141"}],"wp:term":[{"taxonomy":"category","embeddable":true,"href":"https:\/\/aconteceunovale.com.br\/portal\/index.php?rest_route=%2Fwp%2Fv2%2Fcategories&post=113141"},{"taxonomy":"post_tag","embeddable":true,"href":"https:\/\/aconteceunovale.com.br\/portal\/index.php?rest_route=%2Fwp%2Fv2%2Ftags&post=113141"}],"curies":[{"name":"wp","href":"https:\/\/api.w.org\/{rel}","templated":true}]}}