{"id":113136,"date":"2017-04-19T23:46:29","date_gmt":"2017-04-20T01:46:29","guid":{"rendered":"http:\/\/aconteceunovale.com.br\/portal\/?p=113136"},"modified":"2017-04-19T23:46:29","modified_gmt":"2017-04-20T01:46:29","slug":"supermercado-e-consumido-por-fogo-em-uba","status":"publish","type":"post","link":"https:\/\/aconteceunovale.com.br\/portal\/?p=113136","title":{"rendered":"Supermercado \u00e9 consumido por fogo em Ub\u00e1"},"content":{"rendered":"<p>Um inc\u00eandio de grandes propor\u00e7\u00f5es consumiu um supermercado em Ub\u00e1, na Zona da Mata Mineira, na manh\u00e3 desta quarta-feira (19\/04\/2017). O preju\u00edzo do comerciante pode chegar at\u00e9 a R$ 100 mil. <\/p>\n<p>O fogo foi descoberto pelo dono do mercado localizado na avenida Coronel Otaviano da Rocha, localizada no bairro S\u00e3o Domingo, no in\u00edcio da manh\u00e3, quando chegou para trabalhar. As chamas ainda eram pequenas quando o propriet\u00e1rio do local acionou o Corpo de Bombeiros. <\/p>\n<p>Por\u00e9m, ao chegar ao endere\u00e7o, os militares encontraram grandes labaredas. Um caminh\u00e3o do Corpo de Bombeiros deu suporte a a\u00e7\u00e3o, assim como um hidrante de rua. Ao todo, durante as duas horas de trabalho, foram gastos 5.000 litros de \u00e1gua, sem contar a \u00e1gua da rua que tamb\u00e9m foi utilizada. <\/p>\n<p>Por sorte, no momento do inc\u00eandio, o local estava vazio e ningu\u00e9m ficou ferido.  O t\u00e9rreo da loja e a sobreloja foram totalmente destru\u00eddos pelas chamas. <\/p>\n<p>A per\u00edcia t\u00e9cnica da pol\u00edcia esteve no supermercado, mas ainda n\u00e3o foi poss\u00edvel dizer o que teria provocado o inc\u00eandio.<\/p>\n<p>Para o Aldeir Ferraz, que \u00e9 irm\u00e3o do dono do supermercado, o fogo pode ter sido causado por um curto-circuito. &#8220;Quando ele chegou para trabalhar, ele escutou uma explos\u00e3o e viu o fogo, provavelmente de curto na energia el\u00e9trica&#8221;. explicou Ferraz. <\/p>\n<p>Agora, o empres\u00e1rio ir\u00e1 trabalhar para tentar recuperar o que sobrou do com\u00e9rcio. &#8220;Estamos empenhados em avalizar os preju\u00edzos, que chega a R$ 100 mil, e pensando nas alternativas em reconstruir a empresa e tocar a vida&#8221;, encerrou.  <\/p>\n<p><img decoding=\"async\" src=\"http:\/\/aconteceunovale.com.br\/portal\/wp-content\/uploads\/2017\/04\/incendio_super_uba_1.jpg\" alt=\"\" \/><em>Supermercado \u00e9 consumido por fogo em Ub\u00e1 (Foto: Aldeir Ferraz\/Reprodu\u00e7\u00e3o O Tempo)<\/em><br \/>\n<\/br><\/p>\n<p><img decoding=\"async\" src=\"http:\/\/aconteceunovale.com.br\/portal\/wp-content\/uploads\/2017\/04\/incendio_super_uba_2.jpg\" alt=\"\" \/><em>Supermercado \u00e9 consumido por fogo em Ub\u00e1 (Foto: Aldeir Ferraz\/Reprodu\u00e7\u00e3o O Tempo)<\/em><br \/>\n<\/br><\/p>\n<p><strong>VER PRIMEIRO<\/strong><\/p>\n<p><strong>Receba as not\u00edcias do Aconteceu no Vale em primeira m\u00e3o. Clique em curtir no endere\u00e7o <a href=\"https:\/\/www.facebook.com\/aconteceunovale\" target=\"_blank\"><font color=\"red\">www.facebook.com\/aconteceunovale<\/font><\/a> ou no box abaixo:<\/strong><\/p>\n<div class=\"fb-like\" data-href=\"https:\/\/www.facebook.com\/aconteceunovale\" data-width=\"120\" data-layout=\"standard\" data-action=\"like\" data-size=\"small\" data-show-faces=\"true\" data-share=\"true\"><\/div>\n<p><\/br><\/p>\n<p><em>(Fonte: O Tempo \/ Camila Kifer)<\/em><\/p>\n","protected":false},"excerpt":{"rendered":"<p>Um inc\u00eandio de grandes propor\u00e7\u00f5es consumiu um supermercado em Ub\u00e1, na Zona da Mata Mineira, na manh\u00e3 desta quarta-feira (19\/04\/2017). O preju\u00edzo do comerciante pode chegar at\u00e9 a R$ 100 mil. O fogo foi descoberto pelo dono do mercado localizado na avenida Coronel Otaviano da Rocha, localizada no bairro S\u00e3o Domingo, no in\u00edcio da manh\u00e3, [&hellip;]<\/p>\n","protected":false},"author":1,"featured_media":113137,"comment_status":"open","ping_status":"closed","sticky":false,"template":"","format":"standard","meta":{"amp_status":"","footnotes":""},"categories":[123],"tags":[146467,146466,146468,146469,146465,219],"class_list":["post-113136","post","type-post","status-publish","format-standard","has-post-thumbnail","hentry","category-gerais","tag-fogo-em-supermercado-em-uba","tag-incendio-em-supermercado-em-uba","tag-incendio-em-uba","tag-supermercado-e-consumido-por-fogo-em-uba","tag-supermercado-em-uba","tag-uba"],"_links":{"self":[{"href":"https:\/\/aconteceunovale.com.br\/portal\/index.php?rest_route=\/wp\/v2\/posts\/113136","targetHints":{"allow":["GET"]}}],"collection":[{"href":"https:\/\/aconteceunovale.com.br\/portal\/index.php?rest_route=\/wp\/v2\/posts"}],"about":[{"href":"https:\/\/aconteceunovale.com.br\/portal\/index.php?rest_route=\/wp\/v2\/types\/post"}],"author":[{"embeddable":true,"href":"https:\/\/aconteceunovale.com.br\/portal\/index.php?rest_route=\/wp\/v2\/users\/1"}],"replies":[{"embeddable":true,"href":"https:\/\/aconteceunovale.com.br\/portal\/index.php?rest_route=%2Fwp%2Fv2%2Fcomments&post=113136"}],"version-history":[{"count":0,"href":"https:\/\/aconteceunovale.com.br\/portal\/index.php?rest_route=\/wp\/v2\/posts\/113136\/revisions"}],"wp:featuredmedia":[{"embeddable":true,"href":"https:\/\/aconteceunovale.com.br\/portal\/index.php?rest_route=\/wp\/v2\/media\/113137"}],"wp:attachment":[{"href":"https:\/\/aconteceunovale.com.br\/portal\/index.php?rest_route=%2Fwp%2Fv2%2Fmedia&parent=113136"}],"wp:term":[{"taxonomy":"category","embeddable":true,"href":"https:\/\/aconteceunovale.com.br\/portal\/index.php?rest_route=%2Fwp%2Fv2%2Fcategories&post=113136"},{"taxonomy":"post_tag","embeddable":true,"href":"https:\/\/aconteceunovale.com.br\/portal\/index.php?rest_route=%2Fwp%2Fv2%2Ftags&post=113136"}],"curies":[{"name":"wp","href":"https:\/\/api.w.org\/{rel}","templated":true}]}}