{"id":113100,"date":"2017-04-19T19:53:31","date_gmt":"2017-04-19T21:53:31","guid":{"rendered":"http:\/\/aconteceunovale.com.br\/portal\/?p=113100"},"modified":"2017-04-19T19:53:31","modified_gmt":"2017-04-19T21:53:31","slug":"suspeito-de-trafico-e-preso-durante-culto-evangelico-em-jaiba-no-norte-de-minas","status":"publish","type":"post","link":"https:\/\/aconteceunovale.com.br\/portal\/?p=113100","title":{"rendered":"Suspeito de tr\u00e1fico \u00e9 preso durante culto evang\u00e9lico em Ja\u00edba, no Norte de Minas"},"content":{"rendered":"<p>Um homem de 24 anos foi preso na noite desta ter\u00e7a-feira (19\/04\/2017) durante o cumprimento de mandado de pris\u00e3o preventiva em Ja\u00edba, no Norte de Minas. Ele \u00e9 apontado pela Pol\u00edcia Civil como o respons\u00e1vel pelo abastecimento de drogas em Manga, S\u00e3o Jo\u00e3o das Miss\u00f5es e Ja\u00edba. Investigadores localizaram o homem em um culto evang\u00e9lico, no Bairro Veredas.<\/p>\n<p>\u201cLevantamentos preliminares apontaram que ele estava indo para este culto. Fomos at\u00e9 l\u00e1 e efetuamos a pris\u00e3o. Ele confirmou que j\u00e1 sabia do mandado de pris\u00e3o em aberto e j\u00e1 esperava que fosse preso\u201d, afirma o delegado Bruno Fernandes, respons\u00e1vel pela investiga\u00e7\u00e3o.<\/p>\n<p>O delegado diz tamb\u00e9m que o rapaz preso lidera um grupo criminoso que possui v\u00e1rios jovens encarregados por buscar e entregar os entorpecentes nos locais de atua\u00e7\u00e3o. \u201cEle \u00e9 um tipo de traficante que n\u00e3o vamos encontrar nenhum material il\u00edcito com ele, pois possui v\u00e1rios rapazes fazendo o servi\u00e7o de \u2018vapor\u2019, que busca a droga em Montes Claros e entrega nas cidades onde eles atuam\u201d.<\/p>\n<p>O grupo criminoso, segundo a PC, \u00e9 investigado em outras a\u00e7\u00f5es do Minist\u00e9rio Publico e tamb\u00e9m da Pol\u00edcia Militar por diversos crimes, inclusive homic\u00eddio. O delegado afirma que a atua\u00e7\u00e3o conjunta dos \u00f3rg\u00e3os na regi\u00e3o tem demonstrado bons resultados no combate ao tr\u00e1fico de drogas na regi\u00e3o. \u201cEsta parceria em grandes centros se mostram importantes, mas nas pequenas cidades este grau de import\u00e2ncia se mostra ainda maior devido aos recursos que s\u00e3o menores\u201d, afirma.<\/p>\n<p><img decoding=\"async\" src=\"http:\/\/aconteceunovale.com.br\/portal\/wp-content\/uploads\/2017\/04\/trafico_jaiba_preso.jpg\" alt=\"\" \/><em>Homem foi preso em culto evang\u00e9lico (Foto: Pol\u00edcia Civil\/Divulga\u00e7\u00e3o)<\/em><br \/>\n<\/br><\/p>\n<p><strong>VER PRIMEIRO<\/strong><\/p>\n<p><strong>Receba as not\u00edcias do Aconteceu no Vale em primeira m\u00e3o. Clique em curtir no endere\u00e7o <a href=\"https:\/\/www.facebook.com\/aconteceunovale\" target=\"_blank\"><font color=\"red\">www.facebook.com\/aconteceunovale<\/font><\/a> ou no box abaixo:<\/strong><\/p>\n<div class=\"fb-like\" data-href=\"https:\/\/www.facebook.com\/aconteceunovale\" data-width=\"120\" data-layout=\"standard\" data-action=\"like\" data-size=\"small\" data-show-faces=\"true\" data-share=\"true\"><\/div>\n<p><\/br><\/p>\n<p><em>(Fonte: G1 Grande Minas)<\/em><\/p>\n","protected":false},"excerpt":{"rendered":"<p>Um homem de 24 anos foi preso na noite desta ter\u00e7a-feira (19\/04\/2017) durante o cumprimento de mandado de pris\u00e3o preventiva em Ja\u00edba, no Norte de Minas. Ele \u00e9 apontado pela Pol\u00edcia Civil como o respons\u00e1vel pelo abastecimento de drogas em Manga, S\u00e3o Jo\u00e3o das Miss\u00f5es e Ja\u00edba. Investigadores localizaram o homem em um culto evang\u00e9lico, [&hellip;]<\/p>\n","protected":false},"author":1,"featured_media":113101,"comment_status":"open","ping_status":"closed","sticky":false,"template":"","format":"standard","meta":{"amp_status":"","footnotes":""},"categories":[1236],"tags":[1058,1356,146414,146415,146418,146417,1810,146419,74230,146416],"class_list":["post-113100","post","type-post","status-publish","format-standard","has-post-thumbnail","hentry","category-norte_de_minas","tag-jaiba","tag-manga","tag-miqueias-alves","tag-preso-em-jaiba","tag-preso-por-trafico-em-jaiba","tag-prisao-de-traficante-em-jaiba","tag-sao-joao-das-missoes","tag-suspeito-de-trafico-e-preso-durante-culto-evangelico-em-jaiba","tag-trafico-de-drogas-em-jaiba","tag-trafico-em-jaiba"],"_links":{"self":[{"href":"https:\/\/aconteceunovale.com.br\/portal\/index.php?rest_route=\/wp\/v2\/posts\/113100","targetHints":{"allow":["GET"]}}],"collection":[{"href":"https:\/\/aconteceunovale.com.br\/portal\/index.php?rest_route=\/wp\/v2\/posts"}],"about":[{"href":"https:\/\/aconteceunovale.com.br\/portal\/index.php?rest_route=\/wp\/v2\/types\/post"}],"author":[{"embeddable":true,"href":"https:\/\/aconteceunovale.com.br\/portal\/index.php?rest_route=\/wp\/v2\/users\/1"}],"replies":[{"embeddable":true,"href":"https:\/\/aconteceunovale.com.br\/portal\/index.php?rest_route=%2Fwp%2Fv2%2Fcomments&post=113100"}],"version-history":[{"count":0,"href":"https:\/\/aconteceunovale.com.br\/portal\/index.php?rest_route=\/wp\/v2\/posts\/113100\/revisions"}],"wp:featuredmedia":[{"embeddable":true,"href":"https:\/\/aconteceunovale.com.br\/portal\/index.php?rest_route=\/wp\/v2\/media\/113101"}],"wp:attachment":[{"href":"https:\/\/aconteceunovale.com.br\/portal\/index.php?rest_route=%2Fwp%2Fv2%2Fmedia&parent=113100"}],"wp:term":[{"taxonomy":"category","embeddable":true,"href":"https:\/\/aconteceunovale.com.br\/portal\/index.php?rest_route=%2Fwp%2Fv2%2Fcategories&post=113100"},{"taxonomy":"post_tag","embeddable":true,"href":"https:\/\/aconteceunovale.com.br\/portal\/index.php?rest_route=%2Fwp%2Fv2%2Ftags&post=113100"}],"curies":[{"name":"wp","href":"https:\/\/api.w.org\/{rel}","templated":true}]}}