{"id":113068,"date":"2017-04-19T00:27:41","date_gmt":"2017-04-19T02:27:41","guid":{"rendered":"http:\/\/aconteceunovale.com.br\/portal\/?p=113068"},"modified":"2017-04-19T00:27:41","modified_gmt":"2017-04-19T02:27:41","slug":"servidores-protestam-contra-possivel-privatizacao-de-fundacao-em-minas-gerais","status":"publish","type":"post","link":"https:\/\/aconteceunovale.com.br\/portal\/?p=113068","title":{"rendered":"Servidores protestam contra poss\u00edvel privatiza\u00e7\u00e3o de funda\u00e7\u00e3o em Minas Gerais"},"content":{"rendered":"<p>A entrada da sede da Funda\u00e7\u00e3o Ezequiel Dias (Funed), em Belo Horizonte, foi tomada na manh\u00e3 de hoje (18) por uma manifesta\u00e7\u00e3o de servidores. Vinculada ao governo de Minas Gerais, a funda\u00e7\u00e3o \u00e9 voltada para o desenvolvimento de pesquisas em sa\u00fade e para a produ\u00e7\u00e3o de medicamentos e insumos que abastecem o Sistema \u00danico de Sa\u00fade (SUS).<\/p>\n<p>Segundo nota divulgada pelo Sindicato \u00danico dos Trabalhadores da Sa\u00fade (Sind-Sa\u00fade\/MG), a categoria se mobilizou ap\u00f3s a administra\u00e7\u00e3o da funda\u00e7\u00e3o demonstrar interesse pela cria\u00e7\u00e3o de parcerias p\u00fablico-privadas. Para o sindicato,\u00a0a implanta\u00e7\u00e3o desse tipo de parceria configura privatiza\u00e7\u00e3o da Funed.\u00a0&#8220;Os trabalhadores se sentem enganados pela gest\u00e3o que tinha deixado claro nos \u00faltimos meses que estava apenas estudando as possibilidades de modelo de gest\u00e3o, mas que n\u00e3o havia nada concreto. O sindicato acompanhou todos os semin\u00e1rios e, em nenhum momento, a gest\u00e3o afirmou seu desejo de implantar uma parceria p\u00fablico-privada, ou sequer convidou o sindicato para discutir a proposta&#8221;, diz o texto.<\/p>\n<p>A entidade tamb\u00e9m critica a queda na produ\u00e7\u00e3o de medicamentos e alega que a redu\u00e7\u00e3o dos investimentos p\u00fablicos \u00e9 uma estrat\u00e9gia para abrir caminho \u00e0 chegada de recursos da iniciativa privada. &#8220;O Sind-Sa\u00fade\/MG vem alertando os trabalhadores h\u00e1 v\u00e1rios anos sobre todas as formas de privatiza\u00e7\u00e3o. No caso da Funed, primeiro foi sucateada, havendo inclusive unidades sendo desmontadas e sem perspectiva de serem reconstru\u00eddas&#8221;.<\/p>\n<p>Segundo dados da p\u00e1gina da funda\u00e7\u00e3o, em 2009, a produ\u00e7\u00e3o de medicamentos chegou ao n\u00famero recorde de 1,1 bilh\u00e3o de unidades. Em 2015, a produ\u00e7\u00e3o foi de 11,8 milh\u00f5es e, em 2016, de 10,6 milh\u00f5es.<\/p>\n<p>Fundada em 1907, a Funda\u00e7\u00e3o Ezequiel Dias era, inicialmente, uma filial do Instituto Manguinhos, entidade federal sediada no Rio de Janeiro que se transformou na Funda\u00e7\u00e3o Instituto Oswaldo Cruz (Fiocruz). Em 1936, a Funed come\u00e7ou a ser gerida pelo estado de Minas Gerais.<\/p>\n<p>At\u00e9 o final do ano passado, a funda\u00e7\u00e3o tinha 31 patentes registradas no Instituto Nacional da Propriedade Industrial (INPI) e oito no Sistema Internacional de Patentes (PCI). Recentemente, a Funed colaborou com uma pesquisa da Universidade Federal de Minas Gerais (UFMG), que\u00a0desenvolveu um pept\u00eddio a partir do veneno da aranha armadeira\u00a0que poder\u00e1 levar a um novo medicamento para disfun\u00e7\u00e3o er\u00e9til.<\/p>\n<p><strong>Outro lado<\/strong><\/p>\n<p>A dire\u00e7\u00e3o da Funed nega que o governo mineiro tenha colocado a privatiza\u00e7\u00e3o em discuss\u00e3o. Em nota, a funda\u00e7\u00e3o afirma que, desde outubro de 2016, vem sendo desenvolvidos estudos para avaliar alternativas que garantam a preserva\u00e7\u00e3o do patrim\u00f4nio p\u00fablico da funda\u00e7\u00e3o. Por meio de um chamamento p\u00fablico de Procedimento de Manifesta\u00e7\u00e3o de Interesse (PMI), ser\u00e3o avaliadas propostas de parcerias que ajudem a retomar totalmente a produ\u00e7\u00e3o de medicamentos.<\/p>\n<p>\u201cS\u00e3o apenas estudos, cuja defini\u00e7\u00e3o sobre haver realmente uma parceria e em qual formato esta se dar\u00e1, e ser\u00e1 tomada ap\u00f3s avalia\u00e7\u00e3o do PMI. N\u00e3o h\u00e1 discuss\u00e3o sobre privatiza\u00e7\u00e3o. Nesse momento de crise de financiamento da sa\u00fade, \u00e9 necess\u00e1rio pensar as melhores alternativas para manter o acesso da popula\u00e7\u00e3o a medicamentos com qualidade e custo adequado de produ\u00e7\u00e3o. A Funed sempre estar\u00e1 ligada \u00e0 inova\u00e7\u00e3o e \u00e0 produ\u00e7\u00e3o de biotecnol\u00f3gicos, como a vacina meningoc\u00f3cica, e de medicamentos com fun\u00e7\u00e3o social, como \u00e9 o caso da talidomida, utilizada no tratamento da hansen\u00edase&#8221;, acrescenta a nota.<\/p>\n<p><strong>VER PRIMEIRO<\/strong><\/p>\n<p><strong>Receba as not\u00edcias do Aconteceu no Vale em primeira m\u00e3o. Clique em curtir no endere\u00e7o <a href=\"https:\/\/www.facebook.com\/aconteceunovale\" target=\"_blank\"><font color=\"red\">www.facebook.com\/aconteceunovale<\/font><\/a> ou no box abaixo:<\/strong><\/p>\n<div class=\"fb-like\" data-href=\"https:\/\/www.facebook.com\/aconteceunovale\" data-width=\"120\" data-layout=\"standard\" data-action=\"like\" data-size=\"small\" data-show-faces=\"true\" data-share=\"true\"><\/div>\n<p><\/br><\/p>\n<p><em>(Fonte: Ag\u00eancia Brasil)<\/em><\/p>\n","protected":false},"excerpt":{"rendered":"<p>A entrada da sede da Funda\u00e7\u00e3o Ezequiel Dias (Funed), em Belo Horizonte, foi tomada na manh\u00e3 de hoje (18) por uma manifesta\u00e7\u00e3o de servidores. Vinculada ao governo de Minas Gerais, a funda\u00e7\u00e3o \u00e9 voltada para o desenvolvimento de pesquisas em sa\u00fade e para a produ\u00e7\u00e3o de medicamentos e insumos que abastecem o Sistema \u00danico de [&hellip;]<\/p>\n","protected":false},"author":1,"featured_media":93791,"comment_status":"open","ping_status":"closed","sticky":false,"template":"","format":"standard","meta":{"amp_status":"","footnotes":""},"categories":[123],"tags":[194,1018,2559,38748,28876,81399,146353,146354,146355],"class_list":["post-113068","post","type-post","status-publish","format-standard","has-post-thumbnail","hentry","category-gerais","tag-belo-horizonte","tag-destaque","tag-fundacao-ezequiel-dias","tag-funed","tag-medicamentos","tag-privatizacao","tag-privatizacao-da-fundacao-ezequiel-dias","tag-privatizacao-da-funed","tag-servidores-protestam-contra-possivel-privatizacao-de-fundacao-em-minas-gerais"],"_links":{"self":[{"href":"https:\/\/aconteceunovale.com.br\/portal\/index.php?rest_route=\/wp\/v2\/posts\/113068","targetHints":{"allow":["GET"]}}],"collection":[{"href":"https:\/\/aconteceunovale.com.br\/portal\/index.php?rest_route=\/wp\/v2\/posts"}],"about":[{"href":"https:\/\/aconteceunovale.com.br\/portal\/index.php?rest_route=\/wp\/v2\/types\/post"}],"author":[{"embeddable":true,"href":"https:\/\/aconteceunovale.com.br\/portal\/index.php?rest_route=\/wp\/v2\/users\/1"}],"replies":[{"embeddable":true,"href":"https:\/\/aconteceunovale.com.br\/portal\/index.php?rest_route=%2Fwp%2Fv2%2Fcomments&post=113068"}],"version-history":[{"count":0,"href":"https:\/\/aconteceunovale.com.br\/portal\/index.php?rest_route=\/wp\/v2\/posts\/113068\/revisions"}],"wp:featuredmedia":[{"embeddable":true,"href":"https:\/\/aconteceunovale.com.br\/portal\/index.php?rest_route=\/wp\/v2\/media\/93791"}],"wp:attachment":[{"href":"https:\/\/aconteceunovale.com.br\/portal\/index.php?rest_route=%2Fwp%2Fv2%2Fmedia&parent=113068"}],"wp:term":[{"taxonomy":"category","embeddable":true,"href":"https:\/\/aconteceunovale.com.br\/portal\/index.php?rest_route=%2Fwp%2Fv2%2Fcategories&post=113068"},{"taxonomy":"post_tag","embeddable":true,"href":"https:\/\/aconteceunovale.com.br\/portal\/index.php?rest_route=%2Fwp%2Fv2%2Ftags&post=113068"}],"curies":[{"name":"wp","href":"https:\/\/api.w.org\/{rel}","templated":true}]}}