{"id":113063,"date":"2017-04-18T23:59:09","date_gmt":"2017-04-19T01:59:09","guid":{"rendered":"http:\/\/aconteceunovale.com.br\/portal\/?p=113063"},"modified":"2017-04-18T23:59:09","modified_gmt":"2017-04-19T01:59:09","slug":"governo-federal-reconhece-situacao-de-emergencia-em-mais-seis-municipios-de-minas-gerais","status":"publish","type":"post","link":"https:\/\/aconteceunovale.com.br\/portal\/?p=113063","title":{"rendered":"Governo federal reconhece situa\u00e7\u00e3o de emerg\u00eancia em mais seis munic\u00edpios de Minas Gerais"},"content":{"rendered":"<p>O Minist\u00e9rio da Integra\u00e7\u00e3o Nacional reconheceu a situa\u00e7\u00e3o de emerg\u00eancia em mais seis munic\u00edpios de Minas Gerais. A portaria foi publicada nesta ter\u00e7a-feira (18\/04\/2017) no <span style=\"color: #ff0000;\"><a href=\"http:\/\/pesquisa.in.gov.br\/imprensa\/jsp\/visualiza\/index.jsp?data=17\/04\/2017&amp;jornal=1&amp;pagina=24&amp;totalArquivos=220\" target=\"_blank\"><span style=\"color: #ff0000;\">Di\u00e1rio Oficial da Uni\u00e3o<\/span><\/a><\/span>. <\/p>\n<p>O reconhecimento foi concedido \u00e0s cidades de Arinos, Montes Claros, Mirabela, Jequitinhonha e Porteirinha. O motivo da medida \u00e9 o extenso per\u00edodo de seca e estiagem.<\/p>\n<p>J\u00e1 Bras\u00edlia de Minas teve o pedido de emerg\u00eancia reconhecido pelo motivo inverso. A cidade foi duramente atingida por chuva e inunda\u00e7\u00f5es.<\/p>\n<p>Com o decreto, as prefeituras poder\u00e3o ter acesso a a\u00e7\u00f5es de socorro, assist\u00eancia, restabelecimento de servi\u00e7os essenciais e recupera\u00e7\u00e3o de \u00e1reas danificadas por desastres naturais.<\/p>\n<p><strong>Aux\u00edlio federal<\/strong><\/p>\n<p>Para ter acesso a recursos materiais e financeiros de apoio emergencial da Secretaria Nacional de Prote\u00e7\u00e3o e Defesa Civil (Sedec), do Minist\u00e9rio da Integra\u00e7\u00e3o, os munic\u00edpios devem apresentar um relat\u00f3rio com o diagn\u00f3stico dos danos e o Plano Detalhado de Resposta (PDR), por meio do\u00a0<span style=\"color: #ff0000;\"><a href=\"http:\/\/www.mi.gov.br\/defesa-civil\/s2id\" target=\"_blank\"><span style=\"color: #ff0000;\">Sistema Integrado de Informa\u00e7\u00f5es sobre Desastres (S2ID)<\/span><\/a><\/span>. Ap\u00f3s a an\u00e1lise t\u00e9cnica por equipes da Sedec, o Minist\u00e9rio define o valor do recurso a ser disponibilizado.<\/p>\n<p><img decoding=\"async\" src=\"http:\/\/aconteceunovale.com.br\/portal\/wp-content\/uploads\/2017\/04\/seca_mg_1.jpg\" alt=\"\" \/><em>Cidades da regi\u00e3o Norte de Minas ser\u00e3o beneficiadas (Foto: Elza Fiuza\/ABr)<\/em><br \/>\n<\/br><\/p>\n<p><strong>VER PRIMEIRO<\/strong><\/p>\n<p><strong>Receba as not\u00edcias do Aconteceu no Vale em primeira m\u00e3o. Clique em curtir no endere\u00e7o <a href=\"https:\/\/www.facebook.com\/aconteceunovale\" target=\"_blank\"><font color=\"red\">www.facebook.com\/aconteceunovale<\/font><\/a> ou no box abaixo:<\/strong><\/p>\n<div class=\"fb-like\" data-href=\"https:\/\/www.facebook.com\/aconteceunovale\" data-width=\"120\" data-layout=\"standard\" data-action=\"like\" data-size=\"small\" data-show-faces=\"true\" data-share=\"true\"><\/div>\n<p><\/br><\/p>\n<p><em>(Com informa\u00e7\u00f5es do Hoje em Dia e Minist\u00e9rio da Integra\u00e7\u00e3o Nacional)<\/em><\/p>\n","protected":false},"excerpt":{"rendered":"<p>O Minist\u00e9rio da Integra\u00e7\u00e3o Nacional reconheceu a situa\u00e7\u00e3o de emerg\u00eancia em mais seis munic\u00edpios de Minas Gerais. A portaria foi publicada nesta ter\u00e7a-feira (18\/04\/2017) no Di\u00e1rio Oficial da Uni\u00e3o. O reconhecimento foi concedido \u00e0s cidades de Arinos, Montes Claros, Mirabela, Jequitinhonha e Porteirinha. O motivo da medida \u00e9 o extenso per\u00edodo de seca e estiagem. [&hellip;]<\/p>\n","protected":false},"author":1,"featured_media":113064,"comment_status":"open","ping_status":"closed","sticky":false,"template":"","format":"standard","meta":{"amp_status":"","footnotes":""},"categories":[123,1236,120],"tags":[135303,18742,253,2379,1018,146348,34252,59830,131,20026,1699,210,146347,135302,2382,6532,1372,146349,146352,115996,146350,60873,146351],"class_list":["post-113063","post","type-post","status-publish","format-standard","has-post-thumbnail","hentry","category-gerais","category-norte_de_minas","category-jequi","tag-adversidades-climaticas","tag-amapa","tag-arinos","tag-bahia","tag-destaque","tag-governo-federal-reconhece-situacao-de-emergencia-em-mais-seis-municipios-de-minas-gerais","tag-jequitinhonha","tag-mato-grosso","tag-minas-gerais","tag-ministerio-da-integracao-nacional","tag-mirabela","tag-montes-claros","tag-municipios-brasileiros","tag-reconhecimento-federal","tag-sao-paulo","tag-sergipe","tag-situacao-de-emergencia","tag-situacao-de-emergencia-em-arinos","tag-situacao-de-emergencia-em-brasilia-de-minas","tag-situacao-de-emergencia-em-jequitinhonha","tag-situacao-de-emergencia-em-mirabela","tag-situacao-de-emergencia-em-montes-claros","tag-situacao-de-emergencia-em-porteirinha"],"_links":{"self":[{"href":"https:\/\/aconteceunovale.com.br\/portal\/index.php?rest_route=\/wp\/v2\/posts\/113063","targetHints":{"allow":["GET"]}}],"collection":[{"href":"https:\/\/aconteceunovale.com.br\/portal\/index.php?rest_route=\/wp\/v2\/posts"}],"about":[{"href":"https:\/\/aconteceunovale.com.br\/portal\/index.php?rest_route=\/wp\/v2\/types\/post"}],"author":[{"embeddable":true,"href":"https:\/\/aconteceunovale.com.br\/portal\/index.php?rest_route=\/wp\/v2\/users\/1"}],"replies":[{"embeddable":true,"href":"https:\/\/aconteceunovale.com.br\/portal\/index.php?rest_route=%2Fwp%2Fv2%2Fcomments&post=113063"}],"version-history":[{"count":0,"href":"https:\/\/aconteceunovale.com.br\/portal\/index.php?rest_route=\/wp\/v2\/posts\/113063\/revisions"}],"wp:featuredmedia":[{"embeddable":true,"href":"https:\/\/aconteceunovale.com.br\/portal\/index.php?rest_route=\/wp\/v2\/media\/113064"}],"wp:attachment":[{"href":"https:\/\/aconteceunovale.com.br\/portal\/index.php?rest_route=%2Fwp%2Fv2%2Fmedia&parent=113063"}],"wp:term":[{"taxonomy":"category","embeddable":true,"href":"https:\/\/aconteceunovale.com.br\/portal\/index.php?rest_route=%2Fwp%2Fv2%2Fcategories&post=113063"},{"taxonomy":"post_tag","embeddable":true,"href":"https:\/\/aconteceunovale.com.br\/portal\/index.php?rest_route=%2Fwp%2Fv2%2Ftags&post=113063"}],"curies":[{"name":"wp","href":"https:\/\/api.w.org\/{rel}","templated":true}]}}