{"id":113057,"date":"2017-04-18T23:43:10","date_gmt":"2017-04-19T01:43:10","guid":{"rendered":"http:\/\/aconteceunovale.com.br\/portal\/?p=113057"},"modified":"2017-04-18T23:43:10","modified_gmt":"2017-04-19T01:43:10","slug":"colisao-entre-motos-deixa-um-morto-e-outro-ferido-em-aracuai","status":"publish","type":"post","link":"https:\/\/aconteceunovale.com.br\/portal\/?p=113057","title":{"rendered":"Colis\u00e3o entre motos deixa um morto e outro ferido em Ara\u00e7ua\u00ed"},"content":{"rendered":"<p>Um mototaxista de  46 anos, identificado como Adailton Coelho Coimbra, morreu em uma colis\u00e3o entre duas motos no bairro Corredor, em Ara\u00e7ua\u00ed, no Vale do Jequitinhonha. O acidente ocorreu por volta das 14 horas, desta segunda-feira (17\/04\/2017), na Avenida Clementino Silveira.<\/p>\n<p>De acordo com a ocorr\u00eancia policial, um motociclista de 21 anos, que n\u00e3o \u00e9 habilitado, transitava sentido centro da cidade quando bateu de frente com a moto conduzida pelo mototaxista, que seguia em sentido contr\u00e1rio.<\/p>\n<p>Devido \u00e0 gravidade dos ferimentos dos condutores, uma equipe do SAMU foi acionada. As duas v\u00edtimas foram levadas para o hospital, mas Adailton Coelho n\u00e3o resistiu aos ferimentos e faleceu na madrugada desta ter\u00e7a-feira (18). Ele sofreu traumatismo craniano.<\/p>\n<p>Segundo a Pol\u00edcia Militar, a moto conduzida por pelo rapaz de 21 anos foi apreendida porque se encontra com documenta\u00e7\u00e3o irregular. J\u00e1 a outra motocicleta envolvida, foi liberada, ficando sob responsabilidade de um amigo  da v\u00edtima. Os ve\u00edculos envolvidos ficaram bastante danificados, principalmente nas suas partes frontais.<\/p>\n<p>No hospital, os m\u00e9dicos informaram que as v\u00edtimas sofreram v\u00e1rias les\u00f5es graves, como fraturas dos membros inferiores e superiores e ambas passaram por cirurgia. O mototaxista apresentava um quadro mais delicado devido ao traumatismo craniano e n\u00e3o resistiu.<\/p>\n<p>Segundo a PM, devido aos danos causados nos ve\u00edculos envolvidos e as les\u00f5es graves  dos seus ocupantes, presume-se que o acidente pode ter sido causado por velocidade incompat\u00edvel com o local e falta de aten\u00e7\u00e3o dos condutores. Um inqu\u00e9rito ser\u00e1 aberto pela Pol\u00edcia Civil para apurar os fatos.<\/p>\n<p><img decoding=\"async\" src=\"http:\/\/aconteceunovale.com.br\/portal\/wp-content\/uploads\/2017\/04\/acidente_aracuai_motos_1.jpg\" alt=\"\" \/><\/p>\n<p><img decoding=\"async\" src=\"http:\/\/aconteceunovale.com.br\/portal\/wp-content\/uploads\/2017\/04\/acidente_aracuai_motos_2.jpg\" alt=\"\" \/><\/p>\n<p><img decoding=\"async\" src=\"http:\/\/aconteceunovale.com.br\/portal\/wp-content\/uploads\/2017\/04\/acidente_aracuai_motos_3.jpg\" alt=\"\" \/><\/p>\n<p><img decoding=\"async\" src=\"http:\/\/aconteceunovale.com.br\/portal\/wp-content\/uploads\/2017\/04\/acidente_aracuai_motos_4.jpg\" alt=\"\" \/><\/p>\n<p><strong>VER PRIMEIRO<\/strong><\/p>\n<p><strong>Receba as not\u00edcias do Aconteceu no Vale em primeira m\u00e3o. Clique em curtir no endere\u00e7o <a href=\"https:\/\/www.facebook.com\/aconteceunovale\" target=\"_blank\"><font color=\"red\">www.facebook.com\/aconteceunovale<\/font><\/a> ou no box abaixo:<\/strong><\/p>\n<div class=\"fb-like\" data-href=\"https:\/\/www.facebook.com\/aconteceunovale\" data-width=\"120\" data-layout=\"standard\" data-action=\"like\" data-size=\"small\" data-show-faces=\"true\" data-share=\"true\"><\/div>\n<p><\/br><\/p>\n<p><em>(Fonte: Gazeta de Ara\u00e7ua\u00ed \/ Fotos: Cedidas por Francisco Couy &#8211; IML Te\u00f3filo Otoni)<\/em><\/p>\n","protected":false},"excerpt":{"rendered":"<p>Um mototaxista de 46 anos, identificado como Adailton Coelho Coimbra, morreu em uma colis\u00e3o entre duas motos no bairro Corredor, em Ara\u00e7ua\u00ed, no Vale do Jequitinhonha. O acidente ocorreu por volta das 14 horas, desta segunda-feira (17\/04\/2017), na Avenida Clementino Silveira. De acordo com a ocorr\u00eancia policial, um motociclista de 21 anos, que n\u00e3o \u00e9 [&hellip;]<\/p>\n","protected":false},"author":1,"featured_media":113058,"comment_status":"open","ping_status":"closed","sticky":false,"template":"","format":"standard","meta":{"amp_status":"","footnotes":""},"categories":[120],"tags":[21459,146343,146342,186,146346,146344,1018,146345],"class_list":["post-113057","post","type-post","status-publish","format-standard","has-post-thumbnail","hentry","category-jequi","tag-acidente-em-aracuai","tag-acidente-entre-motos-em-aracuai","tag-adailton-coelho-coimbra","tag-aracuai","tag-colisao-entre-motos-deixa-um-morto-e-outro-ferido-em-aracuai","tag-colisao-entre-motos-em-aracuai","tag-destaque","tag-tragedia-em-aracuai"],"_links":{"self":[{"href":"https:\/\/aconteceunovale.com.br\/portal\/index.php?rest_route=\/wp\/v2\/posts\/113057","targetHints":{"allow":["GET"]}}],"collection":[{"href":"https:\/\/aconteceunovale.com.br\/portal\/index.php?rest_route=\/wp\/v2\/posts"}],"about":[{"href":"https:\/\/aconteceunovale.com.br\/portal\/index.php?rest_route=\/wp\/v2\/types\/post"}],"author":[{"embeddable":true,"href":"https:\/\/aconteceunovale.com.br\/portal\/index.php?rest_route=\/wp\/v2\/users\/1"}],"replies":[{"embeddable":true,"href":"https:\/\/aconteceunovale.com.br\/portal\/index.php?rest_route=%2Fwp%2Fv2%2Fcomments&post=113057"}],"version-history":[{"count":0,"href":"https:\/\/aconteceunovale.com.br\/portal\/index.php?rest_route=\/wp\/v2\/posts\/113057\/revisions"}],"wp:featuredmedia":[{"embeddable":true,"href":"https:\/\/aconteceunovale.com.br\/portal\/index.php?rest_route=\/wp\/v2\/media\/113058"}],"wp:attachment":[{"href":"https:\/\/aconteceunovale.com.br\/portal\/index.php?rest_route=%2Fwp%2Fv2%2Fmedia&parent=113057"}],"wp:term":[{"taxonomy":"category","embeddable":true,"href":"https:\/\/aconteceunovale.com.br\/portal\/index.php?rest_route=%2Fwp%2Fv2%2Fcategories&post=113057"},{"taxonomy":"post_tag","embeddable":true,"href":"https:\/\/aconteceunovale.com.br\/portal\/index.php?rest_route=%2Fwp%2Fv2%2Ftags&post=113057"}],"curies":[{"name":"wp","href":"https:\/\/api.w.org\/{rel}","templated":true}]}}