{"id":113051,"date":"2017-04-18T23:22:05","date_gmt":"2017-04-19T01:22:05","guid":{"rendered":"http:\/\/aconteceunovale.com.br\/portal\/?p=113051"},"modified":"2017-04-18T23:22:05","modified_gmt":"2017-04-19T01:22:05","slug":"mais-de-40-politicos-mineiros-aparecem-em-planilha-de-contribuicoes-ilegais-da-odebrecht","status":"publish","type":"post","link":"https:\/\/aconteceunovale.com.br\/portal\/?p=113051","title":{"rendered":"Mais de 40 pol\u00edticos mineiros aparecem em planilha de contribui\u00e7\u00f5es ilegais da Odebrecht"},"content":{"rendered":"<p>Quarenta e um pol\u00edticos mineiros aparecem em uma planilha que seria destinada a contribui\u00e7\u00f5es ilegais feitas pela Odebrecht entre 2008 e 2014. O documento foi entregue pelo ex-executivo da empresa, Benedicto J\u00fanior, um dos delatores da empresa na Opera\u00e7\u00e3o Lava-Jato.<\/p>\n<p>O Supremo Tribunal Federal j\u00e1 autorizou a abertura de inqu\u00e9ritos contra tr\u00eas destes pol\u00edticos e encaminhou pedidos de investiga\u00e7\u00e3o para outras inst\u00e2ncias nos casos de outros dois.<\/p>\n<p>A planilha repercutiu nesta ter\u00e7a-feira (18) na primeira sess\u00e3o da Assembleia Legislativa de Minas Gerais depois da divulga\u00e7\u00e3o das dela\u00e7\u00f5es.<\/p>\n<p>Entre os mineiros, o senador A\u00e9cio Neves (PSDB), identificado como \u201cMineirinho\u201d na planilha apresentada na dela\u00e7\u00e3o, \u00e9 investigado pelos crimes de corrup\u00e7\u00e3o, lavagem de dinheiro, cartel e fraude a licita\u00e7\u00f5es.<\/p>\n<p>O senador Antonio Anastasia (PSDB), identificado pelo apelido de \u201cDengo\u201d, responde a inqu\u00e9rito por corrup\u00e7\u00e3o passiva, corrup\u00e7\u00e3o ativa e lavagem de dinheiro.<\/p>\n<p>Tamb\u00e9m responde a inqu\u00e9rito o deputado Dimas Toledo (PP), suspeito de crimes de corrup\u00e7\u00e3o passiva, corrup\u00e7\u00e3o ativa e lavagem de dinheiro.<\/p>\n<p>O pedido de inqu\u00e9rito contra o ex-prefeito de Belo Horizonte, M\u00e1rcio Lacerda (PSB), apelidado de \u201cPoste\u201d pela Odebrecht, ser\u00e1 analisado pela Procuradoria da Rep\u00fablica em Minas Gerais. Segundo os delatores, ele recebeu contribui\u00e7\u00f5es eleitorais , via caixa dois, para as campanhas de elei\u00e7\u00e3o e reelei\u00e7\u00e3o.<\/p>\n<p>Contra o governador Fernando Pimentel (PT), h\u00e1 dois pedidos de abertura de inqu\u00e9rito que ainda ser\u00e3o analisados pelo Superior Tribunal de Justi\u00e7a (STJ). Segundo os delatores, Pimentel, identificado pelo apelido &#8220;Do Reino&#8221;, teria recebido R$ 13,5 milh\u00f5es, no per\u00edodo em que foi ministro do Desenvolvimento, como pagamento para atender a interesses da empreiteira, como o acesso a atas sigilosas de reuni\u00f5es do comit\u00ea de financiamento e garantia de exporta\u00e7\u00f5es.<\/p>\n<p>O l\u00edder do governo na Casa, Durval \u00c2ngelo (PT), disse que estar em uma lista ou ser citado por delator n\u00e3o \u00e9 conclus\u00e3o de culpa. \u201cA pessoa tem direito ao amplo direito de defesa, tem direito ao contradit\u00f3rio e \u00e9 isso que a gente sabe que \u00e9 a forma que funciona o estado democr\u00e1tico de direito. Ent\u00e3o, eu acho que isso em si n\u00e3o muda nada aqui na assembleia\u201d.<\/p>\n<p>Deputados estaduais tamb\u00e9m aparecem na lista do delator Benedicto J\u00fanior. S\u00e3o cinco parlamentares citados. Apenas o deputado Gustavo Valadares (PSDB) esteve na Casa nesta ter\u00e7a. De acordo com a planilha apresentada na dela\u00e7\u00e3o, o parlamentar, l\u00edder do bloco de oposi\u00e7\u00e3o, identificado como \u201cTio\u201d, teria recebido uma doa\u00e7\u00e3o de R$ 50 mil para defender projetos de interesse da Odebrecht. Informa\u00e7\u00e3o que ele contesta.<\/p>\n<p>\u201cEm 2010 eu n\u00e3o fui procurado. N\u00e3o tinha qualquer relacionamento com a empresa. Em 2014, fui procurado por um dos diretores da empresa aqui em Minas Gerais que me concedeu por dentro, declarado, R$ 20 mil no dia 21 de agosto, diretamente da empresa para minha conta de campanha e no dia 22 de agosto mais R$ 80 mil atrav\u00e9s do PSDB, repassado da empresa para o PSDB e do PSDB para minha conta de campanha, declarados como est\u00e1 na minha declara\u00e7\u00e3o da campanha de 2014. \u00c0quela \u00e9poca a empresa Odebrecht era considerada e respeitada como uma das maiores empreiteiras do pa\u00eds. At\u00e9 ent\u00e3o n\u00e3o sab\u00edamos dos il\u00edcitos, dos malfeitos cometidos\u201d, disse.<\/p>\n<p>Na planilha de Benedicto J\u00fanior, que comandava o setor de opera\u00e7\u00f5es estruturadas da Odebrecht, a deputada estadual Arlete Magalh\u00e3es (PV) \u00e9 identificada pelo apelido de \u201cNavalha\u201d. Ela teria recebido tr\u00eas repasses de R$ 25 mil, totalizando R$ 75 mil em doa\u00e7\u00f5es via caixa dois.<\/p>\n<p>Elismar Prado (PDT), apelidado de \u201cJornalista\u201d, teria recebido duas parcelas de R$ 50 mil, totalizando R$ 100 mil. Os repasses que constam na planilha da Odebrecht teriam sido feitos em 2010 para que o deputado solicitasse emendas e defendesse projetos de interesse da empresa.<\/p>\n<p>Com o apelido de \u201cLagarto\u201d, Gil Pereira (PP), teria recebido cinco repasses de R$ 50 mil cada, totalizando R$ 250 mil. Como contrapartida ele tamb\u00e9m deveria apresentar emendas e defender projetos de interesse da empreiteira.<\/p>\n<p>Assim como o deputado Gustavo Corr\u00eaa (DEM), apelidado de \u201cDentada\u201d, que teria recebido R$ 50 mil em 2010.<\/p>\n<p>A assessoria do senador A\u00e9cio Neves (PSDB) disse que as investiga\u00e7\u00f5es v\u00e3o comprovar a corre\u00e7\u00e3o da sua conduta.<\/p>\n<p>O senador Antonio Anastasia (PSDB) afirmou que nunca tratou de assunto il\u00edcito com ningu\u00e9m.<\/p>\n<p>O deputado federal Dimas Fabiano Toledo (PP) disse que n\u00e3o recebeu recursos da Odebrecht.<\/p>\n<p>O governador Fernando Pimentel (PT) afirmou que jamais participou de qualquer ato il\u00edcito e que se coloca \u00e0 disposi\u00e7\u00e3o para todo e qualquer esclarecimento, sempre que forem apresentados os documentos nos quais se fundam as supostas acusa\u00e7\u00f5es.<\/p>\n<p>A assessoria de M\u00e1rcio Lacerda (PSB) disse que todos os recursos recebidos pela campanha foram oficialmente declarados e n\u00e3o houve caixa dois.<\/p>\n<p>O deputado estadual Gil Pereira (PP) afirmou que desconhece e repudia toda e qualquer dedu\u00e7\u00e3o, ila\u00e7\u00e3o ou inj\u00faria que envolvam sua conduta parlamentar. Ao longo de oito mandatos, Gil pereira disse que sempre pautou sua trajet\u00f3ria pol\u00edtica na defesa dos interesses do povo mineiro.<\/p>\n<p>J\u00e1 o deputado Elismar Prado (PDT) disse que est\u00e1 tranquilo e que n\u00e3o conhece o ex-executivo da Odebrecht, Benedicto J\u00fanior. Elismar ressaltou que sua presta\u00e7\u00e3o de contas foi devidamente apresentada e aprovada e que a cita\u00e7\u00e3o do seu nome na lista de propinas da empreiteira n\u00e3o faz o menor sentido.<\/p>\n<p>O deputado Gustavo Corr\u00eaa, que \u00e9 l\u00edder do bloco de oposi\u00e7\u00e3o Verdade e Coer\u00eancia, da ALMG, n\u00e3o foi localizado para dar entrevista.<\/p>\n<p>Entramos em contato com a assessoria da deputada Arlete Magalh\u00e3es (PV), mas n\u00e3o tivemos retorno.<\/p>\n<p><strong>VER PRIMEIRO<\/strong><\/p>\n<p><strong>Receba as not\u00edcias do Aconteceu no Vale em primeira m\u00e3o. Clique em curtir no endere\u00e7o <a href=\"https:\/\/www.facebook.com\/aconteceunovale\" target=\"_blank\"><font color=\"red\">www.facebook.com\/aconteceunovale<\/font><\/a> ou no box abaixo:<\/strong><\/p>\n<div class=\"fb-like\" data-href=\"https:\/\/www.facebook.com\/aconteceunovale\" data-width=\"120\" data-layout=\"standard\" data-action=\"like\" data-size=\"small\" data-show-faces=\"true\" data-share=\"true\"><\/div>\n<p><\/br><\/p>\n<p><em>(Fonte: G1 Minas)<\/em><\/p>\n","protected":false},"excerpt":{"rendered":"<p>Quarenta e um pol\u00edticos mineiros aparecem em uma planilha que seria destinada a contribui\u00e7\u00f5es ilegais feitas pela Odebrecht entre 2008 e 2014. O documento foi entregue pelo ex-executivo da empresa, Benedicto J\u00fanior, um dos delatores da empresa na Opera\u00e7\u00e3o Lava-Jato. O Supremo Tribunal Federal j\u00e1 autorizou a abertura de inqu\u00e9ritos contra tr\u00eas destes pol\u00edticos e [&hellip;]<\/p>\n","protected":false},"author":1,"featured_media":112758,"comment_status":"open","ping_status":"closed","sticky":false,"template":"","format":"standard","meta":{"amp_status":"","footnotes":""},"categories":[123,40240],"tags":[145981,84672,84671,40575,682,82748,145987,27144,84675,145986,84669,146335,28515,18095,145978,145977,146015,145979,84680,146016,17299,99280,84670,145980,13969,145976,145985,145984,84673,84674,84668],"class_list":["post-113051","post","type-post","status-publish","format-standard","has-post-thumbnail","hentry","category-gerais","category-politica-2","tag-apelidos-dos-partidos-na-planilha-da-odebrecht","tag-apelidos-dos-politicos-na-lista-da-odebrecht","tag-apelidos-dos-politicos-na-lista-de-propina-da-odebrecht","tag-atletico-mg","tag-cruzeiro","tag-delacao-premiada","tag-inqueritos","tag-lava-jato","tag-lista-da-odebrecht","tag-lista-de-fachin","tag-lista-de-propina-da-odebrecht","tag-mais-de-40-politicos-mineiros-aparecem-em-planilha-de-contribuicoes-ilegais-da-odebrecht","tag-odebrecht","tag-operacao-lava-jato","tag-pagamento-de-propina-planilha-da-odebrecht","tag-planilha-da-odebrecht","tag-planilha-da-odebrecht-lista-pagamentos-a-179-politicos-em-sete-anos","tag-planilha-de-propina-da-odebrecht","tag-planilha-mostra-pagamentos-a-200-politicos","tag-politicos-na-planilha-da-odebrecht","tag-pp","tag-propina","tag-propina-da-odebrecht","tag-propina-odebrecht","tag-psol","tag-psol-e-atletico-mg-e-pp-e-cruzeiro-em-planilha-da-odebrecht","tag-setor-de-propinas-da-odebrecht","tag-setor-de-propinas-da-odebrecht-pagou-r-10-bilhoes-entre-2006-e-2014","tag-veja-a-lista-de-apelidos-dados-em-planilhas-da-odebrechet","tag-veja-os-apelidos-dos-politicos-na-lista-da-odebrecht","tag-veja-os-apelidos-dos-politicos-na-lista-de-propina-da-odebrecht"],"_links":{"self":[{"href":"https:\/\/aconteceunovale.com.br\/portal\/index.php?rest_route=\/wp\/v2\/posts\/113051","targetHints":{"allow":["GET"]}}],"collection":[{"href":"https:\/\/aconteceunovale.com.br\/portal\/index.php?rest_route=\/wp\/v2\/posts"}],"about":[{"href":"https:\/\/aconteceunovale.com.br\/portal\/index.php?rest_route=\/wp\/v2\/types\/post"}],"author":[{"embeddable":true,"href":"https:\/\/aconteceunovale.com.br\/portal\/index.php?rest_route=\/wp\/v2\/users\/1"}],"replies":[{"embeddable":true,"href":"https:\/\/aconteceunovale.com.br\/portal\/index.php?rest_route=%2Fwp%2Fv2%2Fcomments&post=113051"}],"version-history":[{"count":0,"href":"https:\/\/aconteceunovale.com.br\/portal\/index.php?rest_route=\/wp\/v2\/posts\/113051\/revisions"}],"wp:featuredmedia":[{"embeddable":true,"href":"https:\/\/aconteceunovale.com.br\/portal\/index.php?rest_route=\/wp\/v2\/media\/112758"}],"wp:attachment":[{"href":"https:\/\/aconteceunovale.com.br\/portal\/index.php?rest_route=%2Fwp%2Fv2%2Fmedia&parent=113051"}],"wp:term":[{"taxonomy":"category","embeddable":true,"href":"https:\/\/aconteceunovale.com.br\/portal\/index.php?rest_route=%2Fwp%2Fv2%2Fcategories&post=113051"},{"taxonomy":"post_tag","embeddable":true,"href":"https:\/\/aconteceunovale.com.br\/portal\/index.php?rest_route=%2Fwp%2Fv2%2Ftags&post=113051"}],"curies":[{"name":"wp","href":"https:\/\/api.w.org\/{rel}","templated":true}]}}