{"id":113048,"date":"2017-04-18T23:14:43","date_gmt":"2017-04-19T01:14:43","guid":{"rendered":"http:\/\/aconteceunovale.com.br\/portal\/?p=113048"},"modified":"2017-04-18T23:14:43","modified_gmt":"2017-04-19T01:14:43","slug":"estudantes-sao-assaltados-no-campus-da-ufv","status":"publish","type":"post","link":"https:\/\/aconteceunovale.com.br\/portal\/?p=113048","title":{"rendered":"Estudantes s\u00e3o assaltados no campus da UFV"},"content":{"rendered":"<p>Estudantes da Universidade Federal de Vi\u00e7osa (UFV) foram roubados dentro do campus da institui\u00e7\u00e3o na tarde desta segunda-feira (17). De acordo com a Pol\u00edcia Militar (PM), celulares e computadores port\u00e1teis dos alunos foram levados. A UFV informou que tomou as provid\u00eancias necess\u00e1rias.<\/p>\n<p>Uma das v\u00edtimas relatou \u00e0 Pol\u00edcia Militar (PM) que estava na parte externa do pr\u00e9dio de Arquitetura e Urbanismo quando foi surpreendida pelo ladr\u00e3o, que estava encapuzado e com uma faca. Ele a amea\u00e7ou e exigiu o celular, dinheiro e outros pertences. Outros alunos e um professor, ao perceber a a\u00e7\u00e3o, se trancaram em uma das salas do local.<\/p>\n<p>Depois da aluna, o criminoso ainda roubou mais tr\u00eas estudantes que estavam dentro de uma sala de estudos e fugiu. A PM realizou rastreamento nas proximidades da institui\u00e7\u00e3o, mas o autor n\u00e3o foi localizado.<\/p>\n<p>A administra\u00e7\u00e3o da UFV informou em nota que est\u00e1 ciente do roubo e que j\u00e1 tomou as provid\u00eancias necess\u00e1rias. Segundo o setor, equipes de vigilantes do campus e da PM estiveram no local para averiguar o ocorrido e as investiga\u00e7\u00f5es continuam. A institui\u00e7\u00e3o tamb\u00e9m comunicou que est\u00e1 em contato direto com os estudantes, dando apoio e suporte.<\/p>\n<p>A UFV ainda destacou que investe na seguran\u00e7a presencial e eletr\u00f4nica, al\u00e9m de contar com a atua\u00e7\u00e3o da equipe de vigilantes e da PM, que possui um ponto de apoio instalado no campus desde 2015.<\/p>\n<p><img decoding=\"async\" src=\"http:\/\/aconteceunovale.com.br\/portal\/wp-content\/uploads\/2017\/04\/roubo_ufv.jpg\" alt=\"\" \/><em>Roubo ocorreu no campus da Universidade federal de Vi\u00e7osa (Foto: Amarilson O.C\/Divulga\u00e7\u00e3o)<\/em><br \/>\n<\/br><\/p>\n<p><strong>VER PRIMEIRO<\/strong><\/p>\n<p><strong>Receba as not\u00edcias do Aconteceu no Vale em primeira m\u00e3o. Clique em curtir no endere\u00e7o <a href=\"https:\/\/www.facebook.com\/aconteceunovale\" target=\"_blank\"><font color=\"red\">www.facebook.com\/aconteceunovale<\/font><\/a> ou no box abaixo:<\/strong><\/p>\n<div class=\"fb-like\" data-href=\"https:\/\/www.facebook.com\/aconteceunovale\" data-width=\"120\" data-layout=\"standard\" data-action=\"like\" data-size=\"small\" data-show-faces=\"true\" data-share=\"true\"><\/div>\n<p><\/br><\/p>\n<p><em>(Fonte: G1 Zona da Mata)<\/em><\/p>\n","protected":false},"excerpt":{"rendered":"<p>Estudantes da Universidade Federal de Vi\u00e7osa (UFV) foram roubados dentro do campus da institui\u00e7\u00e3o na tarde desta segunda-feira (17). De acordo com a Pol\u00edcia Militar (PM), celulares e computadores port\u00e1teis dos alunos foram levados. A UFV informou que tomou as provid\u00eancias necess\u00e1rias. Uma das v\u00edtimas relatou \u00e0 Pol\u00edcia Militar (PM) que estava na parte externa [&hellip;]<\/p>\n","protected":false},"author":1,"featured_media":113049,"comment_status":"open","ping_status":"closed","sticky":false,"template":"","format":"standard","meta":{"amp_status":"","footnotes":""},"categories":[123],"tags":[146328,146330,146332,146334,146327,146329,146331,146333,39189,18771],"class_list":["post-113048","post","type-post","status-publish","format-standard","has-post-thumbnail","hentry","category-gerais","tag-assalto-em-vicosa","tag-assalto-na-ufv","tag-assalto-na-universidade-federal-de-vicosa","tag-estudantes-sao-assaltados-no-campus-da-ufv","tag-estudantes-sao-assaltados-no-campus-da-universidade-federal-de-vicosa","tag-roubo-em-vicosa","tag-roubo-na-ufv","tag-roubo-na-universidade-federal-de-vicosa","tag-universidade-federal-de-vicosa","tag-vicosa"],"_links":{"self":[{"href":"https:\/\/aconteceunovale.com.br\/portal\/index.php?rest_route=\/wp\/v2\/posts\/113048","targetHints":{"allow":["GET"]}}],"collection":[{"href":"https:\/\/aconteceunovale.com.br\/portal\/index.php?rest_route=\/wp\/v2\/posts"}],"about":[{"href":"https:\/\/aconteceunovale.com.br\/portal\/index.php?rest_route=\/wp\/v2\/types\/post"}],"author":[{"embeddable":true,"href":"https:\/\/aconteceunovale.com.br\/portal\/index.php?rest_route=\/wp\/v2\/users\/1"}],"replies":[{"embeddable":true,"href":"https:\/\/aconteceunovale.com.br\/portal\/index.php?rest_route=%2Fwp%2Fv2%2Fcomments&post=113048"}],"version-history":[{"count":0,"href":"https:\/\/aconteceunovale.com.br\/portal\/index.php?rest_route=\/wp\/v2\/posts\/113048\/revisions"}],"wp:featuredmedia":[{"embeddable":true,"href":"https:\/\/aconteceunovale.com.br\/portal\/index.php?rest_route=\/wp\/v2\/media\/113049"}],"wp:attachment":[{"href":"https:\/\/aconteceunovale.com.br\/portal\/index.php?rest_route=%2Fwp%2Fv2%2Fmedia&parent=113048"}],"wp:term":[{"taxonomy":"category","embeddable":true,"href":"https:\/\/aconteceunovale.com.br\/portal\/index.php?rest_route=%2Fwp%2Fv2%2Fcategories&post=113048"},{"taxonomy":"post_tag","embeddable":true,"href":"https:\/\/aconteceunovale.com.br\/portal\/index.php?rest_route=%2Fwp%2Fv2%2Ftags&post=113048"}],"curies":[{"name":"wp","href":"https:\/\/api.w.org\/{rel}","templated":true}]}}