{"id":113045,"date":"2017-04-18T23:08:08","date_gmt":"2017-04-19T01:08:08","guid":{"rendered":"http:\/\/aconteceunovale.com.br\/portal\/?p=113045"},"modified":"2017-04-18T23:08:08","modified_gmt":"2017-04-19T01:08:08","slug":"cantor-kid-vinil-e-transferido-de-minas-para-sao-paulo-em-helicoptero-uti","status":"publish","type":"post","link":"https:\/\/aconteceunovale.com.br\/portal\/?p=113045","title":{"rendered":"Cantor Kid Vinil \u00e9 transferido de Minas para S\u00e3o Paulo em helic\u00f3ptero UTI"},"content":{"rendered":"<p>O cantor e produtor musical Kid Vinil foi transferido, no in\u00edcio da tarde desta ter\u00e7a-feira (18\/04\/2017), de Conselheiro Lafaiete, na Regi\u00e3o Central de Minas Gerais, para a cidade de S\u00e3o Paulo, de acordo com a produ\u00e7\u00e3o do artista. O m\u00fasico foi internado no domingo (16), ap\u00f3s passar mal durante um show, e est\u00e1 em coma induzido.<\/p>\n<p>Kid Vinil participava de um projeto com outros cantores dos anos 1980, como Kiko Zambianchi e Ritchie, neste s\u00e1bado em um clube de Conselheiro Lafaiete. O produtor do artista informou que ele foi o primeiro a se apresentar e, depois de sair do palco, come\u00e7ou a passar mal e foi atendido por uma enfermeira no clube. Ele foi socorrido pelo Samu e levado para o Hospital e Maternidade S\u00e3o Jos\u00e9.<\/p>\n<p>De acordo com a produ\u00e7\u00e3o de Kid Vinil, a transfer\u00eancia para o Hospital da Luz, na capital paulista, \u00e9 feita por um helic\u00f3ptero equipado com uma Unidade de Terapia Intensiva (UTI) particular, j\u00e1 que o estado de sa\u00fade do m\u00fasico \u00e9 grave. A aeronave pousou no Aeroporto de Congonhas, na Zona Sul de S\u00e3o Paulo, \u00e0s 16h20.<\/p>\n<p>O produtor Marcio de Souza disse, na segunda-feira (17), que j\u00e1 havia retornado para S\u00e3o Paulo e que um irm\u00e3o de Kid Vinil o acompanhava na cidade mineira. O produtor agradeceu a todos os envolvidos no socorro do artista e afirmou que espera a melhora dele para que possam retornar a Conselheiro Lafaiete e terminar o show.<\/p>\n<p>Tamb\u00e9m segundo a produ\u00e7\u00e3o, o m\u00fasico \u00e9 diab\u00e9tico e sofreu uma parada card\u00edaca. A fam\u00edlia do cantor, que n\u00e3o \u00e9 casado e n\u00e3o tem filhos, conversou com um neurologista e est\u00e1 esperan\u00e7osa em rela\u00e7\u00e3o \u00e0 recupera\u00e7\u00e3o de Kid Vinil.<\/p>\n<p><strong>Carreira<\/strong><\/p>\n<p>Nome art\u00edstico de Ant\u00f4nio Carlos Senefonte, Kid Vinil destacou-se no cen\u00e1rio musical do rock brasileiro dos anos 1980, com o grupo Magazine. Cantor, radialista, compositor e jornalista, foi vocalista do Verminose, Magazine, Kid Vinil e os Her\u00f3is do Brasil, Kid Vinil Xperience.<\/p>\n<p><img decoding=\"async\" src=\"http:\/\/aconteceunovale.com.br\/portal\/wp-content\/uploads\/2017\/04\/kid_vinil.jpg\" alt=\"\" \/><em>Cantor Kid Vinil passou mal e foi internado em Minas (Foto: Izzy Massei\/Divulga\u00e7\u00e3o<\/em>)<br \/>\n<\/br><\/p>\n<p><strong>VER PRIMEIRO<\/strong><\/p>\n<p><strong>Receba as not\u00edcias do Aconteceu no Vale em primeira m\u00e3o. Clique em curtir no endere\u00e7o <a href=\"https:\/\/www.facebook.com\/aconteceunovale\" target=\"_blank\"><font color=\"red\">www.facebook.com\/aconteceunovale<\/font><\/a> ou no box abaixo:<\/strong><\/p>\n<div class=\"fb-like\" data-href=\"https:\/\/www.facebook.com\/aconteceunovale\" data-width=\"120\" data-layout=\"standard\" data-action=\"like\" data-size=\"small\" data-show-faces=\"true\" data-share=\"true\"><\/div>\n<p><\/br><\/p>\n<p><em>(Fonte: G1 Minas)<\/em><\/p>\n","protected":false},"excerpt":{"rendered":"<p>O cantor e produtor musical Kid Vinil foi transferido, no in\u00edcio da tarde desta ter\u00e7a-feira (18\/04\/2017), de Conselheiro Lafaiete, na Regi\u00e3o Central de Minas Gerais, para a cidade de S\u00e3o Paulo, de acordo com a produ\u00e7\u00e3o do artista. O m\u00fasico foi internado no domingo (16), ap\u00f3s passar mal durante um show, e est\u00e1 em coma [&hellip;]<\/p>\n","protected":false},"author":1,"featured_media":113046,"comment_status":"open","ping_status":"closed","sticky":false,"template":"","format":"standard","meta":{"amp_status":"","footnotes":""},"categories":[6,123],"tags":[146321,146320,1528,146323,146325,146326,146324,146322],"class_list":["post-113045","post","type-post","status-publish","format-standard","has-post-thumbnail","hentry","category-br","category-gerais","tag-cantor-kid-vinil","tag-cantor-kid-vinil-e-transferido-de-minas-para-sao-paulo-em-helicoptero-uti","tag-conselheiro-lafaiete","tag-estado-de-saude-do-cantor-kid-vinil","tag-kid-vinil","tag-marcio-de-souza","tag-saude-do-cantor-kid-vinil","tag-situacao-do-cantor-kid-vinil"],"_links":{"self":[{"href":"https:\/\/aconteceunovale.com.br\/portal\/index.php?rest_route=\/wp\/v2\/posts\/113045","targetHints":{"allow":["GET"]}}],"collection":[{"href":"https:\/\/aconteceunovale.com.br\/portal\/index.php?rest_route=\/wp\/v2\/posts"}],"about":[{"href":"https:\/\/aconteceunovale.com.br\/portal\/index.php?rest_route=\/wp\/v2\/types\/post"}],"author":[{"embeddable":true,"href":"https:\/\/aconteceunovale.com.br\/portal\/index.php?rest_route=\/wp\/v2\/users\/1"}],"replies":[{"embeddable":true,"href":"https:\/\/aconteceunovale.com.br\/portal\/index.php?rest_route=%2Fwp%2Fv2%2Fcomments&post=113045"}],"version-history":[{"count":0,"href":"https:\/\/aconteceunovale.com.br\/portal\/index.php?rest_route=\/wp\/v2\/posts\/113045\/revisions"}],"wp:featuredmedia":[{"embeddable":true,"href":"https:\/\/aconteceunovale.com.br\/portal\/index.php?rest_route=\/wp\/v2\/media\/113046"}],"wp:attachment":[{"href":"https:\/\/aconteceunovale.com.br\/portal\/index.php?rest_route=%2Fwp%2Fv2%2Fmedia&parent=113045"}],"wp:term":[{"taxonomy":"category","embeddable":true,"href":"https:\/\/aconteceunovale.com.br\/portal\/index.php?rest_route=%2Fwp%2Fv2%2Fcategories&post=113045"},{"taxonomy":"post_tag","embeddable":true,"href":"https:\/\/aconteceunovale.com.br\/portal\/index.php?rest_route=%2Fwp%2Fv2%2Ftags&post=113045"}],"curies":[{"name":"wp","href":"https:\/\/api.w.org\/{rel}","templated":true}]}}