{"id":113030,"date":"2017-04-18T22:04:00","date_gmt":"2017-04-19T00:04:00","guid":{"rendered":"http:\/\/aconteceunovale.com.br\/portal\/?p=113030"},"modified":"2017-04-18T22:04:00","modified_gmt":"2017-04-19T00:04:00","slug":"motorista-fica-ferido-em-acidente-proximo-a-divino-das-laranjeiras-no-vale-do-rio-doce","status":"publish","type":"post","link":"https:\/\/aconteceunovale.com.br\/portal\/?p=113030","title":{"rendered":"Motorista fica ferido em acidente pr\u00f3ximo a Divino das Laranjeiras, no Vale do Rio Doce"},"content":{"rendered":"<p>Um homem 58 anos ficou ferido no in\u00edcio da tarde desta ter\u00e7a-feira (18\/04\/2017) em um acidente entre um carro e um caminh\u00e3o na BR-381, pr\u00f3ximo a Divino das Laranjeiras, no Vale do Rio Doce. Segundo a Pol\u00edcia Militar, o acidente foi provocado por imprud\u00eancia do caminhoneiro, que realizou manobra indevida em local com faixa cont\u00ednua e sem acostamento.<\/p>\n<p>\u201cSegundo os relatos, o motorista do caminh\u00e3o tentou ultrapassar outro caminh\u00e3o que seguia na mesma dire\u00e7\u00e3o, quando surgiu o carro de passeio na dire\u00e7\u00e3o contr\u00e1ria. O motorista do carro tentou frear, mas a pista estava escorregadia e a\u00ed colidiram de frente\u201d, explicou o subtenente Gomes.<\/p>\n<p>O motorista do carro ficou preso \u00e0s ferragens e foi socorrido pelo Corpo de Bombeiros ainda consciente. Ele chegou a ser levado para Central de Minas, mas depois foi encaminhado para um hospital em Governador Valadares. O motorista do caminh\u00e3o n\u00e3o se feriu.<\/p>\n<p>Ap\u00f3s o acidente, o caminh\u00e3o ficou atravessado na pista. Por n\u00e3o haver acostamento no local, o tr\u00e2nsito ficou interrompido nos dois sentidos. Volunt\u00e1rios ajudaram a guinchar o caminh\u00e3o para liberar parte da via; at\u00e9 o fechamento desta mat\u00e9ria o tr\u00e2nsito seguia controlado pela Pol\u00edcia Militar, com parte da pista interditada.<\/p>\n<p><img decoding=\"async\" src=\"http:\/\/aconteceunovale.com.br\/portal\/wp-content\/uploads\/2017\/04\/acidente_divino_das_laranjeiras.jpg\" alt=\"\" \/><em>Caminh\u00e3o bloqueou a rodovia nos dois sentidos (Foto: Zana Ferreira\/G1)<\/em><br \/>\n<\/br><\/p>\n<p><strong>VER PRIMEIRO<\/strong><\/p>\n<p><strong>Receba as not\u00edcias do Aconteceu no Vale em primeira m\u00e3o. Clique em curtir no endere\u00e7o <a href=\"https:\/\/www.facebook.com\/aconteceunovale\" target=\"_blank\"><font color=\"red\">www.facebook.com\/aconteceunovale<\/font><\/a> ou no box abaixo:<\/strong><\/p>\n<div class=\"fb-like\" data-href=\"https:\/\/www.facebook.com\/aconteceunovale\" data-width=\"120\" data-layout=\"standard\" data-action=\"like\" data-size=\"small\" data-show-faces=\"true\" data-share=\"true\"><\/div>\n<p><\/br><\/p>\n<p><em>(Fonte: G1 dos Vales)<\/em><\/p>\n","protected":false},"excerpt":{"rendered":"<p>Um homem 58 anos ficou ferido no in\u00edcio da tarde desta ter\u00e7a-feira (18\/04\/2017) em um acidente entre um carro e um caminh\u00e3o na BR-381, pr\u00f3ximo a Divino das Laranjeiras, no Vale do Rio Doce. Segundo a Pol\u00edcia Militar, o acidente foi provocado por imprud\u00eancia do caminhoneiro, que realizou manobra indevida em local com faixa cont\u00ednua [&hellip;]<\/p>\n","protected":false},"author":1,"featured_media":113031,"comment_status":"open","ping_status":"closed","sticky":false,"template":"","format":"standard","meta":{"amp_status":"","footnotes":""},"categories":[121],"tags":[146307,102443,1671,285,247,146308],"class_list":["post-113030","post","type-post","status-publish","format-standard","has-post-thumbnail","hentry","category-leste","tag-acidente-em-divino-das-laranjeiras","tag-acidente-na-br-381-em-divino-das-laranjeiras","tag-central-de-minas","tag-divino-das-laranjeiras","tag-governador-valadares","tag-motorista-fica-ferido-em-acidente-proximo-a-divino-das-laranjeiras"],"_links":{"self":[{"href":"https:\/\/aconteceunovale.com.br\/portal\/index.php?rest_route=\/wp\/v2\/posts\/113030","targetHints":{"allow":["GET"]}}],"collection":[{"href":"https:\/\/aconteceunovale.com.br\/portal\/index.php?rest_route=\/wp\/v2\/posts"}],"about":[{"href":"https:\/\/aconteceunovale.com.br\/portal\/index.php?rest_route=\/wp\/v2\/types\/post"}],"author":[{"embeddable":true,"href":"https:\/\/aconteceunovale.com.br\/portal\/index.php?rest_route=\/wp\/v2\/users\/1"}],"replies":[{"embeddable":true,"href":"https:\/\/aconteceunovale.com.br\/portal\/index.php?rest_route=%2Fwp%2Fv2%2Fcomments&post=113030"}],"version-history":[{"count":0,"href":"https:\/\/aconteceunovale.com.br\/portal\/index.php?rest_route=\/wp\/v2\/posts\/113030\/revisions"}],"wp:featuredmedia":[{"embeddable":true,"href":"https:\/\/aconteceunovale.com.br\/portal\/index.php?rest_route=\/wp\/v2\/media\/113031"}],"wp:attachment":[{"href":"https:\/\/aconteceunovale.com.br\/portal\/index.php?rest_route=%2Fwp%2Fv2%2Fmedia&parent=113030"}],"wp:term":[{"taxonomy":"category","embeddable":true,"href":"https:\/\/aconteceunovale.com.br\/portal\/index.php?rest_route=%2Fwp%2Fv2%2Fcategories&post=113030"},{"taxonomy":"post_tag","embeddable":true,"href":"https:\/\/aconteceunovale.com.br\/portal\/index.php?rest_route=%2Fwp%2Fv2%2Ftags&post=113030"}],"curies":[{"name":"wp","href":"https:\/\/api.w.org\/{rel}","templated":true}]}}