{"id":113024,"date":"2017-04-18T21:38:00","date_gmt":"2017-04-18T23:38:00","guid":{"rendered":"http:\/\/aconteceunovale.com.br\/portal\/?p=113024"},"modified":"2017-04-18T21:38:00","modified_gmt":"2017-04-18T23:38:00","slug":"dois-moradores-de-rua-sao-assassinados-enquanto-dormiam-em-caratinga","status":"publish","type":"post","link":"https:\/\/aconteceunovale.com.br\/portal\/?p=113024","title":{"rendered":"Dois moradores de rua s\u00e3o assassinados enquanto dormiam em Caratinga"},"content":{"rendered":"<p>Dois moradores de rua foram assassinados na madrugada desta ter\u00e7a-feira (18\/04\/2017) enquanto dormiam na Avenida Jo\u00e3o Caetano Nascimento, em Caratinga, no Leste de Minas Gerais. As v\u00edtimas, identificadas como Frederic Roman Nikitin, de 45 anos, e  \u2018Fabiano da Bahia\u2019 foram mortas com pancadas na cabe\u00e7a.<\/p>\n<p>As imagens de um circuito interno de uma loja flagraram o momento em que um dos suspeitos chega encapuzado e caminha em dire\u00e7\u00e3o ao local onde os dois homens est\u00e3o deitados. Em seguida, o autor retorna e passa com uma barra de ferro em uma das m\u00e3os.<\/p>\n<p>Durante o patrulhamento, os militares foram informados de que havia duas pessoas feridas. Ao chegarem no local, viram os dois moradores de rua deitados em colch\u00f5es, tampados com cobertas e com ferimentos na regi\u00e3o da cabe\u00e7a. Os bombeiros socorreram as v\u00edtimas, que foram levadas ao hospital da cidade, mas n\u00e3o resistiram aos ferimentos.<\/p>\n<p>Pr\u00f3ximo ao local do crime a per\u00edcia recolheu uma chave de roda. De acordo com a PM, uma das v\u00edtimas tem passagens por furto. Um dos suspeitos de ter cometido o crime foi preso no final da manh\u00e3 desta ter\u00e7a-feira.<\/p>\n<p><strong>Pris\u00e3o do outro suspeito<\/strong><\/p>\n<p>O outro suspeito, um jovem de 22 anos, foi preso durante a tarde desta ter\u00e7a-feira. O jovem justificou \u00e0 pol\u00edcia que o crime teve motiva\u00e7\u00e3o por uma d\u00edvida com uma das duas v\u00edtimas.<\/p>\n<p>De acordo com o suspeito preso, uma das v\u00edtimas, de 37 anos, lhe devia R$ 300; a outra v\u00edtima, de 45 anos, estava apenas dormindo no local e foi morta por que acordou no momento em que o autor cometia o crime.<\/p>\n<p>No momento da pris\u00e3o, o jovem estava usando o mesmo capuz que aparecem nas imagens das c\u00e2meras de seguran\u00e7a. Ainda segundo a PM, o rapaz tamb\u00e9m disse ter matado outra pessoa na segunda-feira (17), no distrito de Santa Efig\u00eania de Caratinga; a v\u00edtima foi identificada como Elias Ribeiro Pereira e a pol\u00edcia investiga o caso.<\/p>\n<p>O suspeito tem passagem pela pol\u00edcia por roubo. A Pol\u00edcia Civil abriu inqu\u00e9rito e deve apresentar den\u00fancia contra o rapaz.<\/p>\n<p><strong>VER PRIMEIRO<\/strong><\/p>\n<p><strong>Receba as not\u00edcias do Aconteceu no Vale em primeira m\u00e3o. Clique em curtir no endere\u00e7o <a href=\"https:\/\/www.facebook.com\/aconteceunovale\" target=\"_blank\"><font color=\"red\">www.facebook.com\/aconteceunovale<\/font><\/a> ou no box abaixo:<\/strong><\/p>\n<div class=\"fb-like\" data-href=\"https:\/\/www.facebook.com\/aconteceunovale\" data-width=\"120\" data-layout=\"standard\" data-action=\"like\" data-size=\"small\" data-show-faces=\"true\" data-share=\"true\"><\/div>\n<p><\/br><\/p>\n<p><em>(Com informa\u00e7\u00f5es do G1 dos Vales e PM)<\/em><\/p>\n","protected":false},"excerpt":{"rendered":"<p>Dois moradores de rua foram assassinados na madrugada desta ter\u00e7a-feira (18\/04\/2017) enquanto dormiam na Avenida Jo\u00e3o Caetano Nascimento, em Caratinga, no Leste de Minas Gerais. As v\u00edtimas, identificadas como Frederic Roman Nikitin, de 45 anos, e \u2018Fabiano da Bahia\u2019 foram mortas com pancadas na cabe\u00e7a. As imagens de um circuito interno de uma loja flagraram [&hellip;]<\/p>\n","protected":false},"author":1,"featured_media":71442,"comment_status":"open","ping_status":"closed","sticky":false,"template":"","format":"standard","meta":{"amp_status":"","footnotes":""},"categories":[121],"tags":[146291,237,146299,146295,146298,146296,146293,146290,146294,146297,312,146288,146289,146292],"class_list":["post-113024","post","type-post","status-publish","format-standard","has-post-thumbnail","hentry","category-leste","tag-assassinato-de-moradores-de-rua-em-caratinga","tag-caratinga","tag-dois-moradores-de-rua-sao-assassinados-enquanto-dormiam-em-caratinga","tag-duplo-homicidio-em-caratinga","tag-elias-ribeiro-pereira","tag-frederic-roman-nikitin","tag-homicidio-de-moradores-de-rua-em-caratinga","tag-morte-de-moradores-de-rua-em-caratinga","tag-mortes-em-caratinga","tag-santa-efigenia-de-caratinga","tag-santa-efigenia-de-minas","tag-suspeito-de-assassinar-moradores-de-rua-em-caratinga","tag-uspeito-de-assassinar-moradores-de-rua-em-caratinga","tag-violencia-contra-moradores-de-rua-em-caratinga"],"_links":{"self":[{"href":"https:\/\/aconteceunovale.com.br\/portal\/index.php?rest_route=\/wp\/v2\/posts\/113024","targetHints":{"allow":["GET"]}}],"collection":[{"href":"https:\/\/aconteceunovale.com.br\/portal\/index.php?rest_route=\/wp\/v2\/posts"}],"about":[{"href":"https:\/\/aconteceunovale.com.br\/portal\/index.php?rest_route=\/wp\/v2\/types\/post"}],"author":[{"embeddable":true,"href":"https:\/\/aconteceunovale.com.br\/portal\/index.php?rest_route=\/wp\/v2\/users\/1"}],"replies":[{"embeddable":true,"href":"https:\/\/aconteceunovale.com.br\/portal\/index.php?rest_route=%2Fwp%2Fv2%2Fcomments&post=113024"}],"version-history":[{"count":0,"href":"https:\/\/aconteceunovale.com.br\/portal\/index.php?rest_route=\/wp\/v2\/posts\/113024\/revisions"}],"wp:featuredmedia":[{"embeddable":true,"href":"https:\/\/aconteceunovale.com.br\/portal\/index.php?rest_route=\/wp\/v2\/media\/71442"}],"wp:attachment":[{"href":"https:\/\/aconteceunovale.com.br\/portal\/index.php?rest_route=%2Fwp%2Fv2%2Fmedia&parent=113024"}],"wp:term":[{"taxonomy":"category","embeddable":true,"href":"https:\/\/aconteceunovale.com.br\/portal\/index.php?rest_route=%2Fwp%2Fv2%2Fcategories&post=113024"},{"taxonomy":"post_tag","embeddable":true,"href":"https:\/\/aconteceunovale.com.br\/portal\/index.php?rest_route=%2Fwp%2Fv2%2Ftags&post=113024"}],"curies":[{"name":"wp","href":"https:\/\/api.w.org\/{rel}","templated":true}]}}