{"id":113006,"date":"2017-04-18T20:43:16","date_gmt":"2017-04-18T22:43:16","guid":{"rendered":"http:\/\/aconteceunovale.com.br\/portal\/?p=113006"},"modified":"2017-04-18T20:43:16","modified_gmt":"2017-04-18T22:43:16","slug":"adolescente-morre-apos-ser-atingida-por-bala-perdida-em-janauba-no-norte-de-minas","status":"publish","type":"post","link":"https:\/\/aconteceunovale.com.br\/portal\/?p=113006","title":{"rendered":"Adolescente morre ap\u00f3s ser atingida por bala perdida em Jana\u00faba, no Norte de Minas"},"content":{"rendered":"<p>Uma adolescente de 15 anos morreu ap\u00f3s ser atingida por uma bala perdida nesta ter\u00e7a-feira (18\/04\/2017) em Jana\u00faba, no Norte de Minas. Segundo as primeiras informa\u00e7\u00f5es da Pol\u00edcia Militar (PM), a v\u00edtima voltava da escola quando foi atingida pela bala, pr\u00f3ximo \u00e0 Rua Gen\u00e9sio Cangu\u00e7u.<\/p>\n<p>Ainda segundo a PM, ela recebeu os primeiros socorros no local, mas n\u00e3o resistiu e morreu. A pol\u00edcia afirma que o alvo do disparo seria um homem que tamb\u00e9m foi baleado no mesmo bairro. Ele conseguiu fugir, se escondeu dos autores do disparo e momentos depois foi socorrido pelo Samu a um hospital da cidade.<\/p>\n<p>Os autores dos disparos s\u00e3o irm\u00e3os de um homem que foi morto a golpes de fac\u00e3o na cidade, segundo a PM. O alvo dos tiros desta ter\u00e7a-feira \u00e9 um dos suspeitos de envolvimento no homic\u00eddio.<\/p>\n<p>A Pol\u00edcia Militar informou tamb\u00e9m que logo ap\u00f3s os tiros, os dois autores fugiram, mas um deles, de 28 anos, foi localizado e preso. Com ele foi apreendida uma arma de fogo.<\/p>\n<p><img decoding=\"async\" src=\"http:\/\/aconteceunovale.com.br\/portal\/wp-content\/uploads\/2017\/04\/baleada_janauba_1.jpg\" alt=\"\" \/><em>Adolescente voltava da escola quando foi atingida por bala (Foto: Reprodu\u00e7\u00e3o\/WhatsApp)<\/em><br \/>\n<\/br><\/p>\n<p><strong>VER PRIMEIRO<\/strong><\/p>\n<p><strong>Receba as not\u00edcias do Aconteceu no Vale em primeira m\u00e3o. Clique em curtir no endere\u00e7o <a href=\"https:\/\/www.facebook.com\/aconteceunovale\" target=\"_blank\"><font color=\"red\">www.facebook.com\/aconteceunovale<\/font><\/a> ou no box abaixo:<\/strong><\/p>\n<div class=\"fb-like\" data-href=\"https:\/\/www.facebook.com\/aconteceunovale\" data-width=\"120\" data-layout=\"standard\" data-action=\"like\" data-size=\"small\" data-show-faces=\"true\" data-share=\"true\"><\/div>\n<p><\/br><\/p>\n<p><em>(Fonte: G1 Grande Minas)<\/em><\/p>\n","protected":false},"excerpt":{"rendered":"<p>Uma adolescente de 15 anos morreu ap\u00f3s ser atingida por uma bala perdida nesta ter\u00e7a-feira (18\/04\/2017) em Jana\u00faba, no Norte de Minas. Segundo as primeiras informa\u00e7\u00f5es da Pol\u00edcia Militar (PM), a v\u00edtima voltava da escola quando foi atingida pela bala, pr\u00f3ximo \u00e0 Rua Gen\u00e9sio Cangu\u00e7u. Ainda segundo a PM, ela recebeu os primeiros socorros no [&hellip;]<\/p>\n","protected":false},"author":1,"featured_media":113007,"comment_status":"open","ping_status":"closed","sticky":false,"template":"","format":"standard","meta":{"amp_status":"","footnotes":""},"categories":[1236],"tags":[146265,53186,204,146266,53189,146267],"class_list":["post-113006","post","type-post","status-publish","format-standard","has-post-thumbnail","hentry","category-norte_de_minas","tag-adolescente-morre-apos-ser-atingida-por-bala-perdida-em-janauba","tag-homicidio-em-janauba","tag-janauba","tag-morta-em-janauba","tag-morte-em-janauba","tag-vitima-de-bala-perdida-em-janauba"],"_links":{"self":[{"href":"https:\/\/aconteceunovale.com.br\/portal\/index.php?rest_route=\/wp\/v2\/posts\/113006","targetHints":{"allow":["GET"]}}],"collection":[{"href":"https:\/\/aconteceunovale.com.br\/portal\/index.php?rest_route=\/wp\/v2\/posts"}],"about":[{"href":"https:\/\/aconteceunovale.com.br\/portal\/index.php?rest_route=\/wp\/v2\/types\/post"}],"author":[{"embeddable":true,"href":"https:\/\/aconteceunovale.com.br\/portal\/index.php?rest_route=\/wp\/v2\/users\/1"}],"replies":[{"embeddable":true,"href":"https:\/\/aconteceunovale.com.br\/portal\/index.php?rest_route=%2Fwp%2Fv2%2Fcomments&post=113006"}],"version-history":[{"count":0,"href":"https:\/\/aconteceunovale.com.br\/portal\/index.php?rest_route=\/wp\/v2\/posts\/113006\/revisions"}],"wp:featuredmedia":[{"embeddable":true,"href":"https:\/\/aconteceunovale.com.br\/portal\/index.php?rest_route=\/wp\/v2\/media\/113007"}],"wp:attachment":[{"href":"https:\/\/aconteceunovale.com.br\/portal\/index.php?rest_route=%2Fwp%2Fv2%2Fmedia&parent=113006"}],"wp:term":[{"taxonomy":"category","embeddable":true,"href":"https:\/\/aconteceunovale.com.br\/portal\/index.php?rest_route=%2Fwp%2Fv2%2Fcategories&post=113006"},{"taxonomy":"post_tag","embeddable":true,"href":"https:\/\/aconteceunovale.com.br\/portal\/index.php?rest_route=%2Fwp%2Fv2%2Ftags&post=113006"}],"curies":[{"name":"wp","href":"https:\/\/api.w.org\/{rel}","templated":true}]}}