{"id":112984,"date":"2017-04-18T13:40:15","date_gmt":"2017-04-18T15:40:15","guid":{"rendered":"http:\/\/aconteceunovale.com.br\/portal\/?p=112984"},"modified":"2017-04-18T13:40:15","modified_gmt":"2017-04-18T15:40:15","slug":"governo-de-minas-publica-mais-2-500-nomeacoes-para-a-educacao","status":"publish","type":"post","link":"https:\/\/aconteceunovale.com.br\/portal\/?p=112984","title":{"rendered":"Governo de Minas publica mais 2.500 nomea\u00e7\u00f5es para a Educa\u00e7\u00e3o"},"content":{"rendered":"<p>O\u00a0Governo de Minas Gerais\u00a0publicou, nesta ter\u00e7a-feira (18\/4), no\u00a0<span style=\"color: #ff0000;\"><a href=\"http:\/\/jornal.iof.mg.gov.br\/xmlui\/handle\/123456789\/180411\" target=\"_blank\"><span style=\"color: #ff0000;\">Di\u00e1rio Oficial Minas Gerais<\/span><\/a><\/span>, mais uma lista com a nomea\u00e7\u00e3o de 2.500 novos servidores para a Educa\u00e7\u00e3o, totalizando, com isso, 6.500 novos servidores nomeados s\u00f3 neste ano.<\/p>\n<p>A lista contempla professores regentes de aulas de v\u00e1rias disciplinas, aprovados nos concursos dos Editais 03 e 04\/2014, e abrange todas as 47 Superintend\u00eancias Regionais de Ensino (SREs) do Estado.<\/p>\n<p>Com essa nova lista, o n\u00famero de servidores nomeados desde o in\u00edcio da gest\u00e3o do governador Fernando Pimentel chega a 43.551 \u2013 em 2015 e 2016 foram nomeados 37.051 novos servidores; em janeiro de 2017, outros 2.500 professores foram nomeados para atuarem nos anos iniciais do Ensino Fundamental do edital 01\/2011, que teve sua vig\u00eancia encerrada no dia 30 de janeiro; j\u00e1 em mar\u00e7o, o Governo nomeou mais 1.500 professores do Edital 04\/2014.<\/p>\n<p>Os professores nomeados ir\u00e3o atuar nos anos finais do ensino fundamental e no ensino m\u00e9dio.\u00a0<span style=\"color: #ff0000;\"><a href=\"http:\/\/jornal.iof.mg.gov.br\/xmlui\/handle\/123456789\/180411\" target=\"_blank\"><span style=\"color: #ff0000;\">Confira aqui a lista completa<\/span><\/a><\/span>.<\/p>\n<p>Para a\u00a0secret\u00e1ria de Estado de Educa\u00e7\u00e3o, Maca\u00e9 Evaristo, a nomea\u00e7\u00e3o de servidores se soma a todos os esfor\u00e7os que o Governo tem feito para garantir qualidade na educa\u00e7\u00e3o e melhores condi\u00e7\u00f5es de trabalho para os profissionais.<\/p>\n<p>\u201cAssegurar que as escolas tenham um quadro de pessoal completo e est\u00e1vel, com profissionais com habilita\u00e7\u00e3o e a forma\u00e7\u00e3o adequadas, \u00e9 uma a\u00e7\u00e3o fundamental para a educa\u00e7\u00e3o de nossas crian\u00e7as e adolescentes. E vamos continuar investindo nisso\u201d, ressalta a secret\u00e1ria.<\/p>\n<p>O\u00a0secret\u00e1rio de Estado de Planejamento e Gest\u00e3o, Helv\u00e9cio Magalh\u00e3es, ressalta o esfor\u00e7o do governador Fernando Pimentel para cumprir o acordo firmado com a categoria no in\u00edcio de 2015, apesar de Minas Gerais hoje se encontrar em estado de calamidade financeira.<\/p>\n<p>\u201cQuando assumimos o Governo mais de dois ter\u00e7os dos trabalhadores da Educa\u00e7\u00e3o eram designados. Estamos trabalhando para inverter essa l\u00f3gica e reduzir o v\u00ednculo prec\u00e1rio de trabalho com a nomea\u00e7\u00e3o de servidores efetivos. A educa\u00e7\u00e3o \u00e9 uma das prioridades deste Governo e estamos fazendo todo o poss\u00edvel para que aqueles que foram aprovados em concurso tenham suas vagas garantidas com a nomea\u00e7\u00e3o\u201d, diz Helv\u00e9cio.<\/p>\n<p><strong>Exames<\/strong><\/p>\n<p>Uma vez publicada a nomea\u00e7\u00e3o, o aprovado deve submeter-se a exame m\u00e9dico pr\u00e9-admissional, a ser realizado pela Superintend\u00eancia Central de Per\u00edcia M\u00e9dica e Sa\u00fade Ocupacional (SCPMSO) da Secretaria de Estado de Planejamento e Gest\u00e3o (Seplag), nas datas e hor\u00e1rios que ser\u00e3o publicados no site da Seplag.<\/p>\n<p><strong>VER PRIMEIRO<\/strong><\/p>\n<p><strong>Receba as not\u00edcias do Aconteceu no Vale em primeira m\u00e3o. Clique em curtir no endere\u00e7o <a href=\"https:\/\/www.facebook.com\/aconteceunovale\" target=\"_blank\"><font color=\"red\">www.facebook.com\/aconteceunovale<\/font><\/a> ou no box abaixo:<\/strong><\/p>\n<div class=\"fb-like\" data-href=\"https:\/\/www.facebook.com\/aconteceunovale\" data-width=\"120\" data-layout=\"standard\" data-action=\"like\" data-size=\"small\" data-show-faces=\"true\" data-share=\"true\"><\/div>\n<p><\/br><\/p>\n<p><em>(Fonte: Ag\u00eancia Minas)<\/em><\/p>\n","protected":false},"excerpt":{"rendered":"<p>O\u00a0Governo de Minas Gerais\u00a0publicou, nesta ter\u00e7a-feira (18\/4), no\u00a0Di\u00e1rio Oficial Minas Gerais, mais uma lista com a nomea\u00e7\u00e3o de 2.500 novos servidores para a Educa\u00e7\u00e3o, totalizando, com isso, 6.500 novos servidores nomeados s\u00f3 neste ano. A lista contempla professores regentes de aulas de v\u00e1rias disciplinas, aprovados nos concursos dos Editais 03 e 04\/2014, e abrange todas [&hellip;]<\/p>\n","protected":false},"author":1,"featured_media":69034,"comment_status":"open","ping_status":"closed","sticky":false,"template":"","format":"standard","meta":{"amp_status":"","footnotes":""},"categories":[40238,123],"tags":[146218,146223,146222,146221,43418,86298,146219,146220,146224],"class_list":["post-112984","post","type-post","status-publish","format-standard","has-post-thumbnail","hentry","category-educacao-2","category-gerais","tag-governo-de-minas-publica-mais-2-500-nomeacoes-para-a-educacao","tag-lista-de-nomeados-minas-gerais","tag-lista-de-nomeados-para-o-governo-de-minas","tag-lista-de-nomeados-pelo-governo-de-minas","tag-nomeacao-de-professores-em-minas-gerais","tag-nomeacao-de-servidores-em-minas-gerais","tag-nomeacoes-para-a-educacao-em-minas","tag-nomeados-para-a-educacao-em-minas-gerais","tag-servidores-nomeados-pelo-governo-de-minas"],"_links":{"self":[{"href":"https:\/\/aconteceunovale.com.br\/portal\/index.php?rest_route=\/wp\/v2\/posts\/112984","targetHints":{"allow":["GET"]}}],"collection":[{"href":"https:\/\/aconteceunovale.com.br\/portal\/index.php?rest_route=\/wp\/v2\/posts"}],"about":[{"href":"https:\/\/aconteceunovale.com.br\/portal\/index.php?rest_route=\/wp\/v2\/types\/post"}],"author":[{"embeddable":true,"href":"https:\/\/aconteceunovale.com.br\/portal\/index.php?rest_route=\/wp\/v2\/users\/1"}],"replies":[{"embeddable":true,"href":"https:\/\/aconteceunovale.com.br\/portal\/index.php?rest_route=%2Fwp%2Fv2%2Fcomments&post=112984"}],"version-history":[{"count":0,"href":"https:\/\/aconteceunovale.com.br\/portal\/index.php?rest_route=\/wp\/v2\/posts\/112984\/revisions"}],"wp:featuredmedia":[{"embeddable":true,"href":"https:\/\/aconteceunovale.com.br\/portal\/index.php?rest_route=\/wp\/v2\/media\/69034"}],"wp:attachment":[{"href":"https:\/\/aconteceunovale.com.br\/portal\/index.php?rest_route=%2Fwp%2Fv2%2Fmedia&parent=112984"}],"wp:term":[{"taxonomy":"category","embeddable":true,"href":"https:\/\/aconteceunovale.com.br\/portal\/index.php?rest_route=%2Fwp%2Fv2%2Fcategories&post=112984"},{"taxonomy":"post_tag","embeddable":true,"href":"https:\/\/aconteceunovale.com.br\/portal\/index.php?rest_route=%2Fwp%2Fv2%2Ftags&post=112984"}],"curies":[{"name":"wp","href":"https:\/\/api.w.org\/{rel}","templated":true}]}}