{"id":112969,"date":"2017-04-17T23:46:33","date_gmt":"2017-04-18T01:46:33","guid":{"rendered":"http:\/\/aconteceunovale.com.br\/portal\/?p=112969"},"modified":"2017-04-17T23:56:04","modified_gmt":"2017-04-18T01:56:04","slug":"foragido-da-justica-de-diamantina-e-preso-com-carro-clonado-na-br-381-em-santana-do-paraiso","status":"publish","type":"post","link":"https:\/\/aconteceunovale.com.br\/portal\/?p=112969","title":{"rendered":"Foragido da Justi\u00e7a de Diamantina \u00e9 preso com carro clonado na BR-381, em Santana do Para\u00edso"},"content":{"rendered":"<p>Um casal, de 20 e 31 anos, foi preso com um carro clonado na BR-381, em Santana do Para\u00edso, nesse domingo (16\/04\/2017). De acordo com a Pol\u00edcia Militar (PM), o motorista do ve\u00edculo fugiu para um matagal \u00e0s margens da rodovia e ainda n\u00e3o foi localizado. O casal foi encaminhado ao pres\u00eddio de Ipatinga nesta segunda-feira (17).<\/p>\n<p>Os policiais abordaram o ve\u00edculo ap\u00f3s receber den\u00fancias de que um carro clonado estaria indo de Belo Oriente para Ipatinga. A pol\u00edcia constatou que o autom\u00f3vel usado pelo trio havia sido furtado em janeiro deste ano, em Belo Horizonte.<\/p>\n<p>Durante as buscas no carro, foram apreendidos diversos materiais que teriam sido furtados em Ipatinga. Na casa, onde autores estavam antes de sair com ve\u00edculo, a PM encontrou outros produtos furtados.<\/p>\n<p>O casal foi encaminhado \u00e0 delegacia e em seguida levado para o pres\u00eddio. O motorista do carro est\u00e1 sendo procurado.<\/p>\n<p><strong>Foragido da Justi\u00e7a de Diamantina<\/strong><\/p>\n<p>De acordo com a pol\u00edcia, o homem preso, que se identificou como Lidiano Pinheiro, \u00e9 na verdade Alysson J.O. Ele \u00e9 foragido da Justi\u00e7a de Diamantina, no Vale do Jequitinhonha.<\/p>\n<p><strong>Mulher presa negou participa\u00e7\u00e3o em crimes<\/strong><\/p>\n<p>A mulher, de iniciais R.F.F, afirmou ao Plant\u00e3o Policial que estaria no Vale do A\u00e7o para passar o feriado na casa de uma av\u00f3. Ela negou participa\u00e7\u00e3o nos arrombamentos de resid\u00eancias investigados e disse que estuda e trabalha em Diamantina. <\/p>\n<p><img decoding=\"async\" src=\"http:\/\/aconteceunovale.com.br\/portal\/wp-content\/uploads\/2017\/04\/clonado_ipatinga_dtna.jpg\" alt=\"\" \/><em>Carro clonado foi apreendido na BR-381 (Foto: Pol\u00edcia Militar \/ Divulga\u00e7\u00e3o)<\/em><br \/>\n<\/br><\/p>\n<p><strong>VER PRIMEIRO<\/strong><\/p>\n<p><strong>Receba as not\u00edcias do Aconteceu no Vale em primeira m\u00e3o. Clique em curtir no endere\u00e7o <a href=\"https:\/\/www.facebook.com\/aconteceunovale\" target=\"_blank\"><font color=\"red\">www.facebook.com\/aconteceunovale<\/font><\/a> ou no box abaixo:<\/strong><\/p>\n<div class=\"fb-like\" data-href=\"https:\/\/www.facebook.com\/aconteceunovale\" data-width=\"120\" data-layout=\"standard\" data-action=\"like\" data-size=\"small\" data-show-faces=\"true\" data-share=\"true\"><\/div>\n<p><\/br><\/p>\n<p><em>(Com informa\u00e7\u00f5es do G1 dos Vales e Plant\u00e3o Policial)<\/em><\/p>\n","protected":false},"excerpt":{"rendered":"<p>Um casal, de 20 e 31 anos, foi preso com um carro clonado na BR-381, em Santana do Para\u00edso, nesse domingo (16\/04\/2017). De acordo com a Pol\u00edcia Militar (PM), o motorista do ve\u00edculo fugiu para um matagal \u00e0s margens da rodovia e ainda n\u00e3o foi localizado. O casal foi encaminhado ao pres\u00eddio de Ipatinga nesta [&hellip;]<\/p>\n","protected":false},"author":1,"featured_media":112970,"comment_status":"open","ping_status":"closed","sticky":false,"template":"","format":"standard","meta":{"amp_status":"","footnotes":""},"categories":[120],"tags":[146197,194,350,1017,1397,276,146203,1018,198,93530,146198,146199,146200,201,146202,146201],"class_list":["post-112969","post","type-post","status-publish","format-standard","has-post-thumbnail","hentry","category-jequi","tag-alysson-junio-de-oliveira","tag-belo-horizonte","tag-belo-oriente","tag-bh","tag-br-381","tag-braunas","tag-casal-de-diamantina-preso-em-santana-do-paraiso","tag-destaque","tag-diamantina","tag-em-santana-do-paraiso","tag-foragido-da-justica-de-diamantina","tag-foragido-da-justica-de-diamantina-e-preso-com-carro-clonado-na-br-381","tag-foragido-da-justica-de-diamantina-e-preso-com-carro-clonado-na-br-381-em-santana-do-paraiso","tag-ipatinga","tag-lidiano-pinheiro-de-campos","tag-rafaelly-ferreira-fernandes"],"_links":{"self":[{"href":"https:\/\/aconteceunovale.com.br\/portal\/index.php?rest_route=\/wp\/v2\/posts\/112969","targetHints":{"allow":["GET"]}}],"collection":[{"href":"https:\/\/aconteceunovale.com.br\/portal\/index.php?rest_route=\/wp\/v2\/posts"}],"about":[{"href":"https:\/\/aconteceunovale.com.br\/portal\/index.php?rest_route=\/wp\/v2\/types\/post"}],"author":[{"embeddable":true,"href":"https:\/\/aconteceunovale.com.br\/portal\/index.php?rest_route=\/wp\/v2\/users\/1"}],"replies":[{"embeddable":true,"href":"https:\/\/aconteceunovale.com.br\/portal\/index.php?rest_route=%2Fwp%2Fv2%2Fcomments&post=112969"}],"version-history":[{"count":0,"href":"https:\/\/aconteceunovale.com.br\/portal\/index.php?rest_route=\/wp\/v2\/posts\/112969\/revisions"}],"wp:featuredmedia":[{"embeddable":true,"href":"https:\/\/aconteceunovale.com.br\/portal\/index.php?rest_route=\/wp\/v2\/media\/112970"}],"wp:attachment":[{"href":"https:\/\/aconteceunovale.com.br\/portal\/index.php?rest_route=%2Fwp%2Fv2%2Fmedia&parent=112969"}],"wp:term":[{"taxonomy":"category","embeddable":true,"href":"https:\/\/aconteceunovale.com.br\/portal\/index.php?rest_route=%2Fwp%2Fv2%2Fcategories&post=112969"},{"taxonomy":"post_tag","embeddable":true,"href":"https:\/\/aconteceunovale.com.br\/portal\/index.php?rest_route=%2Fwp%2Fv2%2Ftags&post=112969"}],"curies":[{"name":"wp","href":"https:\/\/api.w.org\/{rel}","templated":true}]}}