{"id":112966,"date":"2017-04-17T23:22:32","date_gmt":"2017-04-18T01:22:32","guid":{"rendered":"http:\/\/aconteceunovale.com.br\/portal\/?p=112966"},"modified":"2017-04-17T23:22:32","modified_gmt":"2017-04-18T01:22:32","slug":"homem-morre-apos-ser-atingido-por-tiro-disparado-por-enteada-em-montes-claros","status":"publish","type":"post","link":"https:\/\/aconteceunovale.com.br\/portal\/?p=112966","title":{"rendered":"Homem morre ap\u00f3s ser atingido por tiro disparado por enteada em Montes Claros"},"content":{"rendered":"<p>Um homem de 31 anos morreu nesta segunda-feira (17\/04\/2017) ap\u00f3s ser atingido por um disparo de arma fogo, em Montes Claros, no Norte de Minas. Segundo a Pol\u00edcia Militar (PM), a autora do tiro \u00e9 uma adolescente de 17 anos, que \u00e9 enteada da v\u00edtima; ela est\u00e1 gr\u00e1vida de nove meses.<\/p>\n<p>O tiro atingiu o rosto do homem, que foi socorrido a Santa Casa, mas n\u00e3o resistiu aos ferimentos. \u201cQuando chegamos ao local, socorristas do Samu j\u00e1 faziam o atendimento dentro da resid\u00eancia. Conversamos com a esposa dele, que afirmou que a autora do disparo era realmente sua filha, mas ela n\u00e3o se encontrava na casa\u201d, explicou o tenente M\u00e1rcio Henrique.<\/p>\n<p>Militares fizeram alguns levantamentos e descobriram que a adolescente estava na casa de um vizinho. \u201cEla est\u00e1 muito abalada e afirma ter sido um acidente. Ela conta que achou a arma, tipo polveira de fabrica\u00e7\u00e3o artesanal, em um mato e levou para casa. Disse que a arma disparou quando a manuseava\u201d, diz o tenente.<\/p>\n<p>A arma foi encontrada pelos policiais escondida em um matagal. O tenente disse ainda que a adolescente foi apreendida e encaminhada \u00e0 delegacia da Pol\u00edcia Civil, que ir\u00e1 cuidar da investiga\u00e7\u00e3o.<\/p>\n<p><img decoding=\"async\" src=\"http:\/\/aconteceunovale.com.br\/portal\/wp-content\/uploads\/2017\/04\/tiro_moc.jpg\" alt=\"\" \/><em>Arma foi encontrada momentos depois em um matagal (Foto: PM\/Divulga\u00e7\u00e3o)<\/em><br \/>\n<\/br><\/p>\n<p><strong>VER PRIMEIRO<\/strong><\/p>\n<p><strong>Receba as not\u00edcias do Aconteceu no Vale em primeira m\u00e3o. Clique em curtir no endere\u00e7o <a href=\"https:\/\/www.facebook.com\/aconteceunovale\" target=\"_blank\"><font color=\"red\">www.facebook.com\/aconteceunovale<\/font><\/a> ou no box abaixo:<\/strong><\/p>\n<div class=\"fb-like\" data-href=\"https:\/\/www.facebook.com\/aconteceunovale\" data-width=\"120\" data-layout=\"standard\" data-action=\"like\" data-size=\"small\" data-show-faces=\"true\" data-share=\"true\"><\/div>\n<p><\/br><\/p>\n<p><em>(Fonte: G1 Grande Minas)<\/em><\/p>\n","protected":false},"excerpt":{"rendered":"<p>Um homem de 31 anos morreu nesta segunda-feira (17\/04\/2017) ap\u00f3s ser atingido por um disparo de arma fogo, em Montes Claros, no Norte de Minas. Segundo a Pol\u00edcia Militar (PM), a autora do tiro \u00e9 uma adolescente de 17 anos, que \u00e9 enteada da v\u00edtima; ela est\u00e1 gr\u00e1vida de nove meses. O tiro atingiu o [&hellip;]<\/p>\n","protected":false},"author":1,"featured_media":112967,"comment_status":"open","ping_status":"closed","sticky":false,"template":"","format":"standard","meta":{"amp_status":"","footnotes":""},"categories":[1236],"tags":[146195,146196,146194,25220,210,63142],"class_list":["post-112966","post","type-post","status-publish","format-standard","has-post-thumbnail","hentry","category-norte_de_minas","tag-disparo-acidental-em-montes-claros","tag-enteada-mata-padastro-em-montes-claros","tag-homem-morre-apos-ser-atingido-por-tiro-disparado-por-enteada-em-montes-claros","tag-homicidio-em-montes-claros","tag-montes-claros","tag-morto-em-montes-claros"],"_links":{"self":[{"href":"https:\/\/aconteceunovale.com.br\/portal\/index.php?rest_route=\/wp\/v2\/posts\/112966","targetHints":{"allow":["GET"]}}],"collection":[{"href":"https:\/\/aconteceunovale.com.br\/portal\/index.php?rest_route=\/wp\/v2\/posts"}],"about":[{"href":"https:\/\/aconteceunovale.com.br\/portal\/index.php?rest_route=\/wp\/v2\/types\/post"}],"author":[{"embeddable":true,"href":"https:\/\/aconteceunovale.com.br\/portal\/index.php?rest_route=\/wp\/v2\/users\/1"}],"replies":[{"embeddable":true,"href":"https:\/\/aconteceunovale.com.br\/portal\/index.php?rest_route=%2Fwp%2Fv2%2Fcomments&post=112966"}],"version-history":[{"count":0,"href":"https:\/\/aconteceunovale.com.br\/portal\/index.php?rest_route=\/wp\/v2\/posts\/112966\/revisions"}],"wp:featuredmedia":[{"embeddable":true,"href":"https:\/\/aconteceunovale.com.br\/portal\/index.php?rest_route=\/wp\/v2\/media\/112967"}],"wp:attachment":[{"href":"https:\/\/aconteceunovale.com.br\/portal\/index.php?rest_route=%2Fwp%2Fv2%2Fmedia&parent=112966"}],"wp:term":[{"taxonomy":"category","embeddable":true,"href":"https:\/\/aconteceunovale.com.br\/portal\/index.php?rest_route=%2Fwp%2Fv2%2Fcategories&post=112966"},{"taxonomy":"post_tag","embeddable":true,"href":"https:\/\/aconteceunovale.com.br\/portal\/index.php?rest_route=%2Fwp%2Fv2%2Ftags&post=112966"}],"curies":[{"name":"wp","href":"https:\/\/api.w.org\/{rel}","templated":true}]}}