{"id":112963,"date":"2017-04-17T23:11:12","date_gmt":"2017-04-18T01:11:12","guid":{"rendered":"http:\/\/aconteceunovale.com.br\/portal\/?p=112963"},"modified":"2017-04-17T23:11:12","modified_gmt":"2017-04-18T01:11:12","slug":"divulgadas-as-atracoes-principais-do-37o-forro-de-curvelo","status":"publish","type":"post","link":"https:\/\/aconteceunovale.com.br\/portal\/?p=112963","title":{"rendered":"Divulgadas as atra\u00e7\u00f5es principais do 37\u00ba Forr\u00f3 de Curvelo"},"content":{"rendered":"<p>A Prefeitura de Curvelo (MG) divulgou nesta segunda-feira, 17 de abril de 2017, as atra\u00e7\u00f5es principais para o 37\u00ba Forr\u00f3. A festa tradicional acontecer\u00e1 no per\u00edodo de 6 a 9 de julho e ter\u00e1 shows com Irm\u00e3s Galv\u00e3o, Elba Ramalho, Jota Quest e Simone &#038; Simaria, al\u00e9m de artistas regionais. <\/p>\n<p>O Forr\u00f3 de Curvelo acontece na Pra\u00e7a Central do Brasil e \u00e9 totalmente gratuito. <\/p>\n<p><img decoding=\"async\" src=\"http:\/\/aconteceunovale.com.br\/portal\/wp-content\/uploads\/2017\/04\/forro_de_curvelo_1.jpg\" alt=\"\" \/><br \/>\n<\/br><\/p>\n<h3>Bar das Coleguinhas<\/h3>\n<p><iframe loading=\"lazy\" width=\"640\" height=\"360\" src=\"https:\/\/www.youtube.com\/embed\/BceLxxx1c-s\" frameborder=\"0\" allowfullscreen><\/iframe><br \/>\n<\/br><\/p>\n<p><strong>VER PRIMEIRO<\/strong><\/p>\n<p><strong>Receba as not\u00edcias do Aconteceu no Vale em primeira m\u00e3o. Clique em curtir no endere\u00e7o <a href=\"https:\/\/www.facebook.com\/aconteceunovale\" target=\"_blank\"><font color=\"red\">www.facebook.com\/aconteceunovale<\/font><\/a> ou no box abaixo:<\/strong><\/p>\n<div class=\"fb-like\" data-href=\"https:\/\/www.facebook.com\/aconteceunovale\" data-width=\"120\" data-layout=\"standard\" data-action=\"like\" data-size=\"small\" data-show-faces=\"true\" data-share=\"true\"><\/div>\n<p><\/br><\/p>\n","protected":false},"excerpt":{"rendered":"<p>A Prefeitura de Curvelo (MG) divulgou nesta segunda-feira, 17 de abril de 2017, as atra\u00e7\u00f5es principais para o 37\u00ba Forr\u00f3. A festa tradicional acontecer\u00e1 no per\u00edodo de 6 a 9 de julho e ter\u00e1 shows com Irm\u00e3s Galv\u00e3o, Elba Ramalho, Jota Quest e Simone &#038; Simaria, al\u00e9m de artistas regionais. O Forr\u00f3 de Curvelo acontece [&hellip;]<\/p>\n","protected":false},"author":1,"featured_media":112964,"comment_status":"open","ping_status":"closed","sticky":false,"template":"","format":"standard","meta":{"amp_status":"","footnotes":""},"categories":[125,123],"tags":[146186,146191,146190,146189,146192,146185,127687,146187,146188,146193],"class_list":["post-112963","post","type-post","status-publish","format-standard","has-post-thumbnail","hentry","category-noticias","category-gerais","tag-37o-forro-de-curvelo","tag-agenda-forro-de-curvelo","tag-atracoes-forro-de-curvelo","tag-bandas-forro-de-curvelo","tag-data-forro-de-curvelo","tag-divulgadas-as-atracoes-principais-do-37o-forro-de-curvelo","tag-forro-de-curvelo","tag-forro-de-curvelo-2017","tag-shows-forro-de-curvelo","tag-simone-e-simaria-no-forro-de-curvelo"],"_links":{"self":[{"href":"https:\/\/aconteceunovale.com.br\/portal\/index.php?rest_route=\/wp\/v2\/posts\/112963","targetHints":{"allow":["GET"]}}],"collection":[{"href":"https:\/\/aconteceunovale.com.br\/portal\/index.php?rest_route=\/wp\/v2\/posts"}],"about":[{"href":"https:\/\/aconteceunovale.com.br\/portal\/index.php?rest_route=\/wp\/v2\/types\/post"}],"author":[{"embeddable":true,"href":"https:\/\/aconteceunovale.com.br\/portal\/index.php?rest_route=\/wp\/v2\/users\/1"}],"replies":[{"embeddable":true,"href":"https:\/\/aconteceunovale.com.br\/portal\/index.php?rest_route=%2Fwp%2Fv2%2Fcomments&post=112963"}],"version-history":[{"count":0,"href":"https:\/\/aconteceunovale.com.br\/portal\/index.php?rest_route=\/wp\/v2\/posts\/112963\/revisions"}],"wp:featuredmedia":[{"embeddable":true,"href":"https:\/\/aconteceunovale.com.br\/portal\/index.php?rest_route=\/wp\/v2\/media\/112964"}],"wp:attachment":[{"href":"https:\/\/aconteceunovale.com.br\/portal\/index.php?rest_route=%2Fwp%2Fv2%2Fmedia&parent=112963"}],"wp:term":[{"taxonomy":"category","embeddable":true,"href":"https:\/\/aconteceunovale.com.br\/portal\/index.php?rest_route=%2Fwp%2Fv2%2Fcategories&post=112963"},{"taxonomy":"post_tag","embeddable":true,"href":"https:\/\/aconteceunovale.com.br\/portal\/index.php?rest_route=%2Fwp%2Fv2%2Ftags&post=112963"}],"curies":[{"name":"wp","href":"https:\/\/api.w.org\/{rel}","templated":true}]}}