{"id":112780,"date":"2017-04-15T21:24:25","date_gmt":"2017-04-15T23:24:25","guid":{"rendered":"http:\/\/aconteceunovale.com.br\/portal\/?p=112780"},"modified":"2017-04-15T21:24:25","modified_gmt":"2017-04-15T23:24:25","slug":"minas-gerais-registra-dois-acidentes-com-trens-em-menos-de-12h","status":"publish","type":"post","link":"https:\/\/aconteceunovale.com.br\/portal\/?p=112780","title":{"rendered":"Minas Gerais registra dois acidentes com trens em menos de 12h"},"content":{"rendered":"<p>Um carro de passeio foi atingido por uma locomotiva na tarde deste s\u00e1bado (15\/04\/2017) no Bairro Ara\u00fajo, em Juiz de Fora (MG). De acordo com o Corpo de Bombeiros, quatro pessoas estavam no ve\u00edculo e tr\u00eas delas ficaram feridas e foram socorridas, duas em estado grave.<\/p>\n<p>Segundo os militares, o condutor do ve\u00edculo, de 33 anos, disse que foi fechado por outro carro, perdeu o controle de dire\u00e7\u00e3o e colidiu com a locomotiva. Ele recusou atendimento m\u00e9dico.<\/p>\n<p>Uma das passageiras do carro, de 32 anos, sofreu trauma cr\u00e2nio encef\u00e1lico e foi encaminhada para um hospital particular da cidade. Uma jovem, de 25 anos, est\u00e1 gr\u00e1vida de 37 semanas e tamb\u00e9m foi levada para uma unidade de sa\u00fade. As duas est\u00e3o em estado grave.<\/p>\n<p>Um jovem, de 26 anos, foi imobilizado e encaminhado ao Hospital de Pronto Socorro (HPS). No momento do atendimento m\u00e9dico, ele estava consciente e orientado.<\/p>\n<p><iframe loading=\"lazy\" width=\"640\" height=\"360\" src=\"https:\/\/www.youtube.com\/embed\/VgH2ggK4WeM\" frameborder=\"0\" allowfullscreen><\/iframe><br \/>\n<\/br><\/p>\n<p><strong>Acidente<\/strong><\/p>\n<p>A MRS Log\u00edstica, respons\u00e1vel pela linha f\u00e9rrea, divulgou as imagens do acidente. No v\u00eddeo, \u00e9 poss\u00edvel notar que as cancelas est\u00e3o fechadas para os carros, mas um dos ve\u00edculos sai da fila de espera e avan\u00e7a pela contram\u00e3o. Como n\u00e3o h\u00e1 tempo h\u00e1bil para a passagem, o trem atinge o carro em cheio.<\/p>\n<p>A empresa classificou o caso como &#8220;lament\u00e1vel, de absoluto descaso com as leis de tr\u00e2nsito e irrespons\u00e1vel&#8221;, conforme nota.<\/p>\n<p>A MRS sempre divulga dicas de seguran\u00e7a em casos como este e recentemente criou a campanha &#8220;Linha da Vida&#8221;, para conscientizar pedestres e motoristas dos perigos de desrespeitar regras de tr\u00e2nsito, principalmente pr\u00f3ximo a passagens de n\u00edvel.<\/p>\n<p><img decoding=\"async\" src=\"http:\/\/aconteceunovale.com.br\/portal\/wp-content\/uploads\/2017\/04\/acidente_trem_mg_1.jpg\" alt=\"\" \/><em>Acidente entre trem e carro em Juiz de Fora (Foto: MRS\/Divulga\u00e7\u00e3o)<\/em><br \/>\n<\/br><\/p>\n<h3>Outro acidente em Minas<\/h3>\n<p>Duas locomotivas descarrilaram na altura de Ribeir\u00e3o Vermelho (MG) na manh\u00e3 deste s\u00e1bado (15). As primeiras informa\u00e7\u00f5es s\u00e3o de que elas puxavam a composi\u00e7\u00e3o que fazia a linha entre Arcos (MG) e Volta Redonda (RJ) com uma carga de calc\u00e1rio no momento em que os trilhos se soltaram. Ningu\u00e9m ficou ferido.<\/p>\n<p>O acidente aconteceu pr\u00f3ximo \u00e0 comunidade \u00c1lvaro Botelho. Representantes da prefeitura estiveram na \u00e1rea, que foi interditada, para avaliar a situa\u00e7\u00e3o, mas foi descartado a exist\u00eancia de risco ambiental devido ao tombamento da carga.<\/p>\n<p>A VLI, empresa que administra a Ferrovia Centro-Atl\u00e2ntica, informou que a composi\u00e7\u00e3o ferrovi\u00e1ria tinha ao todo 5 locomotivas e 55 vag\u00f5es. As equipes da empresa foram acionadas imediatamente e iniciaram os trabalhos necess\u00e1rios para liberar a circula\u00e7\u00e3o da linha f\u00e9rrea, mas ainda sem previs\u00e3o de finaliza\u00e7\u00e3o.<\/p>\n<p><img decoding=\"async\" src=\"http:\/\/aconteceunovale.com.br\/portal\/wp-content\/uploads\/2017\/04\/acidente_trem_mg_2.jpg\" alt=\"\" \/><em>Locomotiva descarrilou em Ribeir\u00e3o Vermelho (Foto: Ant\u00f4nio Carlos\/Reprodu\u00e7\u00e3o G1)<\/em><br \/>\n<\/br><\/p>\n<p><strong>VER PRIMEIRO<\/strong><\/p>\n<p><strong>Receba as not\u00edcias do Aconteceu no Vale em primeira m\u00e3o. Clique em curtir no endere\u00e7o <a href=\"https:\/\/www.facebook.com\/aconteceunovale\" target=\"_blank\"><font color=\"red\">www.facebook.com\/aconteceunovale<\/font><\/a> ou no box abaixo:<\/strong><\/p>\n<div class=\"fb-like\" data-href=\"https:\/\/www.facebook.com\/aconteceunovale\" data-width=\"120\" data-layout=\"standard\" data-action=\"like\" data-size=\"small\" data-show-faces=\"true\" data-share=\"true\"><\/div>\n<p><\/br><\/p>\n<p><em>(Fonte: G1 Zona da Mata e G1 Sul de Minas)<\/em><\/p>\n","protected":false},"excerpt":{"rendered":"<p>Um carro de passeio foi atingido por uma locomotiva na tarde deste s\u00e1bado (15\/04\/2017) no Bairro Ara\u00fajo, em Juiz de Fora (MG). De acordo com o Corpo de Bombeiros, quatro pessoas estavam no ve\u00edculo e tr\u00eas delas ficaram feridas e foram socorridas, duas em estado grave. Segundo os militares, o condutor do ve\u00edculo, de 33 [&hellip;]<\/p>\n","protected":false},"author":1,"featured_media":112782,"comment_status":"open","ping_status":"closed","sticky":false,"template":"","format":"standard","meta":{"amp_status":"","footnotes":""},"categories":[123],"tags":[146007,146003,146005,146008,146006,146002,75294,146009,146004,146011,146012,1514,145999,146001,1018,16707,206,146013,146014,42522,1642,146000,146010,24704],"class_list":["post-112780","post","type-post","status-publish","format-standard","has-post-thumbnail","hentry","category-gerais","tag-acidente-com-locomotiva-da-mrs-logistica","tag-acidente-com-locomotiva-em-juiz-de-fora","tag-acidente-com-locomotiva-em-minas","tag-acidente-com-locomotiva-em-ribeirao-vermelho","tag-acidente-com-trem-da-mrs-logistica","tag-acidente-com-trem-em-juiz-de-fora","tag-acidente-com-trem-em-minas","tag-acidente-com-trem-em-ribeirao-vermelho","tag-acidente-entre-trem-e-carro-em-juiz-de-fora","tag-acidente-trem-vli","tag-acidente-vli","tag-arcos","tag-atropelado-por-trem-em-juiz-de-fora","tag-carro-atropelado-por-trem-em-juiz-de-fora","tag-destaque","tag-ferrovia-centro-atlantica","tag-juiz-de-fora","tag-minas-gerais-registra-dois-acidentes-com-trens-em-menos-de-12h","tag-minas-registra-dois-acidentes-com-locomotivas-no-mesmo-dia","tag-mrs-logistica","tag-ribeirao-vermelho","tag-trem-atropela-carro-em-juiz-de-fora","tag-vli","tag-volta-redonda"],"_links":{"self":[{"href":"https:\/\/aconteceunovale.com.br\/portal\/index.php?rest_route=\/wp\/v2\/posts\/112780","targetHints":{"allow":["GET"]}}],"collection":[{"href":"https:\/\/aconteceunovale.com.br\/portal\/index.php?rest_route=\/wp\/v2\/posts"}],"about":[{"href":"https:\/\/aconteceunovale.com.br\/portal\/index.php?rest_route=\/wp\/v2\/types\/post"}],"author":[{"embeddable":true,"href":"https:\/\/aconteceunovale.com.br\/portal\/index.php?rest_route=\/wp\/v2\/users\/1"}],"replies":[{"embeddable":true,"href":"https:\/\/aconteceunovale.com.br\/portal\/index.php?rest_route=%2Fwp%2Fv2%2Fcomments&post=112780"}],"version-history":[{"count":0,"href":"https:\/\/aconteceunovale.com.br\/portal\/index.php?rest_route=\/wp\/v2\/posts\/112780\/revisions"}],"wp:featuredmedia":[{"embeddable":true,"href":"https:\/\/aconteceunovale.com.br\/portal\/index.php?rest_route=\/wp\/v2\/media\/112782"}],"wp:attachment":[{"href":"https:\/\/aconteceunovale.com.br\/portal\/index.php?rest_route=%2Fwp%2Fv2%2Fmedia&parent=112780"}],"wp:term":[{"taxonomy":"category","embeddable":true,"href":"https:\/\/aconteceunovale.com.br\/portal\/index.php?rest_route=%2Fwp%2Fv2%2Fcategories&post=112780"},{"taxonomy":"post_tag","embeddable":true,"href":"https:\/\/aconteceunovale.com.br\/portal\/index.php?rest_route=%2Fwp%2Fv2%2Ftags&post=112780"}],"curies":[{"name":"wp","href":"https:\/\/api.w.org\/{rel}","templated":true}]}}