{"id":112519,"date":"2017-04-13T12:20:43","date_gmt":"2017-04-13T14:20:43","guid":{"rendered":"http:\/\/aconteceunovale.com.br\/portal\/?p=112519"},"modified":"2017-04-13T12:20:43","modified_gmt":"2017-04-13T14:20:43","slug":"campanha-busca-reconhecimento-de-parque-do-norte-de-minas-como-patrimonio-da-humanidade","status":"publish","type":"post","link":"https:\/\/aconteceunovale.com.br\/portal\/?p=112519","title":{"rendered":"Campanha busca reconhecimento de parque do Norte de Minas como patrim\u00f4nio da humanidade"},"content":{"rendered":"<p>Ambientalistas e \u00f3rg\u00e3os estaduais se mobilizam em uma campanha para buscar o reconhecimento da Unesco como Patrim\u00f4nio da Humanidade para o Parque Nacional Cavernas do Perua\u00e7u, no Norte de Minas.<\/p>\n<p>O primeiro passo, segundo Iara Cordeiro, que representa o Instituto do Norte e Nordeste de Minas (Idene) no Conselho do Perua\u00e7u, \u00e9 fazer parte de uma lista tentativo; situa\u00e7\u00e3o que o Perua\u00e7u j\u00e1 faz parte desde o ano de 1998, mas ainda n\u00e3o foi indicado pelo governo federal. Uma audi\u00eancia p\u00fablica est\u00e1 marcada para o m\u00eas de maio, em Janu\u00e1ria, para tentar sensibilizar ainda mais os envolvidos neste processo de reconhecimento.<\/p>\n<p>A campanha Sou do Mundo Estou em Minas Gerais est\u00e1 recolhendo <a href=\"https:\/\/www.facebook.com\/peruacu.unesco.9\" target=\"_blank\">assinaturas eletr\u00f4nicas nas redes sociais (facebook.com\/peruacu.unesco.9)<\/a> para buscar o apoio do governo federal e indicar o Perua\u00e7u a este reconhecimento pela Unesco.<\/p>\n<p>\u201cS\u00e3o tr\u00eas \u00f3rg\u00e3os que podem fazer esta indica\u00e7\u00e3o. O Minist\u00e9rio de Meio Ambiente, se este selo for um selo ambiental; Instituto do Patrim\u00f4nio Hist\u00f3rico (IPHAN) se este selo for cultural; ou Itamarati se for de extremo interesse do governo federal que este s\u00edtio receba este selo da Unesco\u201d, explica Iara.<\/p>\n<p><strong>Perua\u00e7u<\/strong><\/p>\n<p>O Perua\u00e7u possui cerca de 40 cavernas catalogadas, em uma \u00e1rea de mais de 56 mil metros quadrados. O parque se tornou uma unidade de conserva\u00e7\u00e3o no ano de 1999 com o objetivo de proteger o patrim\u00f4nio geol\u00f3gico e arqueol\u00f3gico da regi\u00e3o. No local s\u00e3o encontradas evid\u00eancias humanas que datam h\u00e1 11 mil anos. Por enquanto, a visita\u00e7\u00e3o ao parque s\u00f3 \u00e9 poss\u00edvel por meio de agendamento. A previs\u00e3o \u00e9 que a partir do m\u00eas de junho ele seja aberto ao p\u00fablico para visita\u00e7\u00e3o.<\/p>\n<p><img decoding=\"async\" src=\"http:\/\/aconteceunovale.com.br\/portal\/wp-content\/uploads\/2017\/04\/caverna_peruacu_1.png\" alt=\"\" \/><em>Parque Nacional Caverna do Perua\u00e7u (Foto: Andr\u00e9 Dib\/Divulga\u00e7\u00e3o ICMBio)<\/em><br \/>\n<\/br><\/p>\n<p><strong>VER PRIMEIRO<\/strong><\/p>\n<p><strong>Receba as not\u00edcias do Aconteceu no Vale em primeira m\u00e3o. Clique em curtir no endere\u00e7o <a href=\"https:\/\/www.facebook.com\/aconteceunovale\" target=\"_blank\"><font color=\"red\">www.facebook.com\/aconteceunovale<\/font><\/a> ou no box abaixo:<\/strong><\/p>\n<div class=\"fb-like\" data-href=\"https:\/\/www.facebook.com\/aconteceunovale\" data-width=\"120\" data-layout=\"standard\" data-action=\"like\" data-size=\"small\" data-show-faces=\"true\" data-share=\"true\"><\/div>\n<p><\/br><\/p>\n<p><em>(Fonte: G1 Grande Minas)<\/em><\/p>\n","protected":false},"excerpt":{"rendered":"<p>Ambientalistas e \u00f3rg\u00e3os estaduais se mobilizam em uma campanha para buscar o reconhecimento da Unesco como Patrim\u00f4nio da Humanidade para o Parque Nacional Cavernas do Perua\u00e7u, no Norte de Minas. O primeiro passo, segundo Iara Cordeiro, que representa o Instituto do Norte e Nordeste de Minas (Idene) no Conselho do Perua\u00e7u, \u00e9 fazer parte de [&hellip;]<\/p>\n","protected":false},"author":1,"featured_media":112520,"comment_status":"open","ping_status":"closed","sticky":false,"template":"","format":"standard","meta":{"amp_status":"","footnotes":""},"categories":[1236],"tags":[145670,145669,1018,145667,272,145668,122061,145666,145665],"class_list":["post-112519","post","type-post","status-publish","format-standard","has-post-thumbnail","hentry","category-norte_de_minas","tag-campanha-busca-reconhecimento-de-parque-do-norte-de-minas-como-patrimonio-da-humanidade","tag-conselho-do-peruacu","tag-destaque","tag-iara-cordeiro","tag-idene","tag-instituto-do-norte-e-nordeste-de-minas","tag-parque-nacional-cavernas-do-peruacu","tag-patrimonio-da-humanidade-para-o-parque-nacional-cavernas-do-peruacu","tag-reconhecimento-da-unesco-como-patrimonio-da-humanidade-para-o-parque-nacional-cavernas-do-peruacu"],"_links":{"self":[{"href":"https:\/\/aconteceunovale.com.br\/portal\/index.php?rest_route=\/wp\/v2\/posts\/112519","targetHints":{"allow":["GET"]}}],"collection":[{"href":"https:\/\/aconteceunovale.com.br\/portal\/index.php?rest_route=\/wp\/v2\/posts"}],"about":[{"href":"https:\/\/aconteceunovale.com.br\/portal\/index.php?rest_route=\/wp\/v2\/types\/post"}],"author":[{"embeddable":true,"href":"https:\/\/aconteceunovale.com.br\/portal\/index.php?rest_route=\/wp\/v2\/users\/1"}],"replies":[{"embeddable":true,"href":"https:\/\/aconteceunovale.com.br\/portal\/index.php?rest_route=%2Fwp%2Fv2%2Fcomments&post=112519"}],"version-history":[{"count":0,"href":"https:\/\/aconteceunovale.com.br\/portal\/index.php?rest_route=\/wp\/v2\/posts\/112519\/revisions"}],"wp:featuredmedia":[{"embeddable":true,"href":"https:\/\/aconteceunovale.com.br\/portal\/index.php?rest_route=\/wp\/v2\/media\/112520"}],"wp:attachment":[{"href":"https:\/\/aconteceunovale.com.br\/portal\/index.php?rest_route=%2Fwp%2Fv2%2Fmedia&parent=112519"}],"wp:term":[{"taxonomy":"category","embeddable":true,"href":"https:\/\/aconteceunovale.com.br\/portal\/index.php?rest_route=%2Fwp%2Fv2%2Fcategories&post=112519"},{"taxonomy":"post_tag","embeddable":true,"href":"https:\/\/aconteceunovale.com.br\/portal\/index.php?rest_route=%2Fwp%2Fv2%2Ftags&post=112519"}],"curies":[{"name":"wp","href":"https:\/\/api.w.org\/{rel}","templated":true}]}}