{"id":112475,"date":"2017-04-12T19:20:33","date_gmt":"2017-04-12T21:20:33","guid":{"rendered":"http:\/\/aconteceunovale.com.br\/portal\/?p=112475"},"modified":"2017-04-12T19:20:33","modified_gmt":"2017-04-12T21:20:33","slug":"governo-entrega-mais-de-mil-equipamentos-para-unidades-basicas-de-saude-de-47-municipios-mineiros","status":"publish","type":"post","link":"https:\/\/aconteceunovale.com.br\/portal\/?p=112475","title":{"rendered":"Governo entrega mais de mil equipamentos para Unidades B\u00e1sicas de Sa\u00fade de 47 munic\u00edpios mineiros"},"content":{"rendered":"<p>O governador de Minas Gerais, Fernando Pimentel, entregou nesta quarta-feira (12\/4), no Pal\u00e1cio da Liberdade, em Belo Horizonte, 1.062 equipamentos para Unidades B\u00e1sicas de Sa\u00fade (UBS) de 47 munic\u00edpios mineiros. O investimento \u00e9 de R$ 2,1 milh\u00f5es e contemplar\u00e1 50 UBSs.<\/p>\n<p>O objetivo \u00e9 garantir que as unidades de sa\u00fade tenham os equipamentos m\u00ednimos para instala\u00e7\u00e3o e funcionamento das equipes de Estrat\u00e9gia de Sa\u00fade da Fam\u00edlia (ESF) e, com isso, possam permitir a amplia\u00e7\u00e3o do acesso e da qualidade do atendimento ao usu\u00e1rio do Sistema \u00danico de Sa\u00fade (SUS).<\/p>\n<p>Fernando Pimentel destacou o empenho de seu governo em &#8216;multiplicar os poucos recursos para atender os munic\u00edpios do Estado&#8217;. \u201cCom a experi\u00eancia de ter sido prefeito de Belo Horizonte, secret\u00e1rio municipal, vice-prefeito, ministro, e agora governador, digo que um posto de sa\u00fade bem equipado faz toda a diferen\u00e7a para quem precisa. Fazer uma doa\u00e7\u00e3o de ambul\u00e2ncia, como j\u00e1 fizemos mais de mil do ano passado para c\u00e1, de um equipamento para colocar no posto de sa\u00fade ou um conv\u00eanio que voc\u00ea faz com o munic\u00edpio, parece coisa pequena quando voc\u00ea olha de longe, mas \u00e9 importante porque, muitas vezes, o munic\u00edpio n\u00e3o tem recursos para cuidar daquela necessidade mais imediata do cidad\u00e3o. \u00c9 isso que chamo de pequenas entregas, que fazem muita diferen\u00e7a para a vida dos mineiros\u201d, afirmou.<\/p>\n<p>O governador ressaltou a import\u00e2ncia da uni\u00e3o entre os Tr\u00eas Poderes para um melhor desempenho da administra\u00e7\u00e3o do Estado. \u201cEm Minas, n\u00e3o que n\u00e3o tenha crise, n\u00e3o que n\u00e3o tenha problema, mas estamos enfrentando as crises e as adversidades trabalhando 24 horas por dia para vencer as dificuldades. \u00c9 isso que vai fazer a situa\u00e7\u00e3o mudar, o Brasil andar para frente. Minas est\u00e1 construindo, e j\u00e1 tem dois anos que n\u00f3s estamos trabalhando nessa dire\u00e7\u00e3o, um ambiente de harmonia entre o Poder Legislativo, o Executivo e o Judici\u00e1rio\u201d, completou.<\/p>\n<p>Foram entregues 50 oftalmosc\u00f3pios, 50 aspiradores de secre\u00e7\u00e3o, 50 carros para uso hospitalar (carro de emerg\u00eancia), 52 detectores fetais, 50 desfibriladores (DEA), 50 c\u00e2maras de conserva\u00e7\u00e3o 100-150 litros, 50 c\u00e2maras de conserva\u00e7\u00e3o 300-350 litros, 123 carros maca, 52 mesas ginecol\u00f3gicas, 50 cadeiras de roda para obeso, 50 eletrocardi\u00f3grafos, 210 mesas cl\u00ednica e 225 impressoras.<\/p>\n<p>O secret\u00e1rio de Estado de Sa\u00fade, S\u00e1vio Souza Cruz, destacou o empenho do governo em conseguir proporcionar os melhores servi\u00e7os \u00e0 popula\u00e7\u00e3o mineira. \u201cEsses 47 munic\u00edpios est\u00e3o tendo essas unidades b\u00e1sicas equipadas de forma a permitir que a estrat\u00e9gia de sa\u00fade da fam\u00edlia possa ser implementada com conforto, equipamentos, enfim, de forma mais eficiente. N\u00f3s estamos consolidando uma estrat\u00e9gia que foi tra\u00e7ada em 2015 e que estabeleceu crit\u00e9rios e a documenta\u00e7\u00e3o necess\u00e1ria para os munic\u00edpios cujas UBSs precisavam ser equipadas se credenciarem para receber esses equipamentos\u201d, explicou.<\/p>\n<p>Representando os chefes de Executivo dos munic\u00edpios beneficiados, a prefeita de Oliveira, Cristiane Lasmar de Moura Rezende, salientou a import\u00e2ncia dos equipamentos de sa\u00fade. \u201cAgrade\u00e7o em nome dos prefeitos ao governador e ao secret\u00e1rio de Sa\u00fade que, mesmo frente \u00e0s dificuldades financeiras, t\u00eam se preocupado com a aten\u00e7\u00e3o \u00e0 sa\u00fade dos munic\u00edpios. Esses equipamentos s\u00e3o muito importantes, pois a aten\u00e7\u00e3o b\u00e1sica \u00e9 de extrema necessidade para cuidar da popula\u00e7\u00e3o\u201d, disse.<\/p>\n<p>Tamb\u00e9m participaram do evento secret\u00e1rios de Estado, deputados estaduais, prefeitos, vereadores e lideran\u00e7as municipais.<\/p>\n<p><img decoding=\"async\" src=\"http:\/\/aconteceunovale.com.br\/portal\/wp-content\/uploads\/2017\/04\/contemplados_ubs.jpg\" alt=\"\" \/><br \/>\n<\/br><\/p>\n<p><strong>VER PRIMEIRO<\/strong><\/p>\n<p><strong>Receba as not\u00edcias do Aconteceu no Vale em primeira m\u00e3o. Clique em curtir no endere\u00e7o <a href=\"https:\/\/www.facebook.com\/aconteceunovale\" target=\"_blank\"><font color=\"red\">www.facebook.com\/aconteceunovale<\/font><\/a> ou no box abaixo:<\/strong><\/p>\n<div class=\"fb-like\" data-href=\"https:\/\/www.facebook.com\/aconteceunovale\" data-width=\"120\" data-layout=\"standard\" data-action=\"like\" data-size=\"small\" data-show-faces=\"true\" data-share=\"true\"><\/div>\n<p><\/br><\/p>\n<p><em>(Fonte: Ag\u00eancia Minas)<\/em><\/p>\n","protected":false},"excerpt":{"rendered":"<p>O governador de Minas Gerais, Fernando Pimentel, entregou nesta quarta-feira (12\/4), no Pal\u00e1cio da Liberdade, em Belo Horizonte, 1.062 equipamentos para Unidades B\u00e1sicas de Sa\u00fade (UBS) de 47 munic\u00edpios mineiros. O investimento \u00e9 de R$ 2,1 milh\u00f5es e contemplar\u00e1 50 UBSs. O objetivo \u00e9 garantir que as unidades de sa\u00fade tenham os equipamentos m\u00ednimos para [&hellip;]<\/p>\n","protected":false},"author":1,"featured_media":112476,"comment_status":"open","ping_status":"closed","sticky":false,"template":"","format":"standard","meta":{"amp_status":"","footnotes":""},"categories":[123,40242],"tags":[1536,13982,1531,1656,3683,1631,1654,1518,956,1749,30026,145605,12826,187,1395,293,17334,145606,1153,31799,41184,86698,201,14315,1555,408,1509,2941,208,1611,3691,1567,10060,1598,12267,63914,1783,14129,1571,3693,1643,1572,8420,145602,26146,145603,43361,144667,830,178,221,145604],"class_list":["post-112475","post","type-post","status-publish","format-standard","has-post-thumbnail","hentry","category-gerais","category-saude-2","tag-aguas-formosas","tag-alpinopolis","tag-andrelandia","tag-araujos","tag-areado","tag-candeias","tag-carmo-do-cajuru","tag-carmo-do-paranaiba","tag-contagem","tag-desterro-de-entre-rios","tag-divisa-nova","tag-equipamentos-para-ubs-em-minas-gerais","tag-fernando-pimentel","tag-francisco-badaro","tag-francisco-sa","tag-goiabeira","tag-governador-de-minas-gerais","tag-governo-entrega-mais-de-mil-equipamentos-para-unidades-basicas-de-saude-de-47-municipios-mineiros","tag-grao-mogol","tag-guape","tag-ibia","tag-ibiraci","tag-ipatinga","tag-itau-de-minas","tag-iturama","tag-jacinto","tag-lagoa-da-prata","tag-lassance","tag-leopoldina","tag-limeira-do-oeste","tag-matipo","tag-merces","tag-oliveira","tag-palma","tag-paraguacu","tag-pedra-dourada","tag-piumhi","tag-rio-pomba","tag-rodeiro","tag-santa-barbara","tag-santana-do-jacare","tag-sao-geraldo","tag-sao-goncalo-do-abaete","tag-sao-joao-batista-do-gloria","tag-sao-jose-da-lapa","tag-sao-tomas-de-aquino","tag-senhora-dos-remedios","tag-serrania","tag-tiros","tag-turmalina","tag-uberlandia","tag-ubs"],"_links":{"self":[{"href":"https:\/\/aconteceunovale.com.br\/portal\/index.php?rest_route=\/wp\/v2\/posts\/112475","targetHints":{"allow":["GET"]}}],"collection":[{"href":"https:\/\/aconteceunovale.com.br\/portal\/index.php?rest_route=\/wp\/v2\/posts"}],"about":[{"href":"https:\/\/aconteceunovale.com.br\/portal\/index.php?rest_route=\/wp\/v2\/types\/post"}],"author":[{"embeddable":true,"href":"https:\/\/aconteceunovale.com.br\/portal\/index.php?rest_route=\/wp\/v2\/users\/1"}],"replies":[{"embeddable":true,"href":"https:\/\/aconteceunovale.com.br\/portal\/index.php?rest_route=%2Fwp%2Fv2%2Fcomments&post=112475"}],"version-history":[{"count":0,"href":"https:\/\/aconteceunovale.com.br\/portal\/index.php?rest_route=\/wp\/v2\/posts\/112475\/revisions"}],"wp:featuredmedia":[{"embeddable":true,"href":"https:\/\/aconteceunovale.com.br\/portal\/index.php?rest_route=\/wp\/v2\/media\/112476"}],"wp:attachment":[{"href":"https:\/\/aconteceunovale.com.br\/portal\/index.php?rest_route=%2Fwp%2Fv2%2Fmedia&parent=112475"}],"wp:term":[{"taxonomy":"category","embeddable":true,"href":"https:\/\/aconteceunovale.com.br\/portal\/index.php?rest_route=%2Fwp%2Fv2%2Fcategories&post=112475"},{"taxonomy":"post_tag","embeddable":true,"href":"https:\/\/aconteceunovale.com.br\/portal\/index.php?rest_route=%2Fwp%2Fv2%2Ftags&post=112475"}],"curies":[{"name":"wp","href":"https:\/\/api.w.org\/{rel}","templated":true}]}}