{"id":112472,"date":"2017-04-12T18:13:38","date_gmt":"2017-04-12T20:13:38","guid":{"rendered":"http:\/\/aconteceunovale.com.br\/portal\/?p=112472"},"modified":"2017-04-12T18:13:38","modified_gmt":"2017-04-12T20:13:38","slug":"apos-boa-campanha-na-superliga-montes-claros-tem-dois-jogadores-convocados-para-a-selecao-brasileira","status":"publish","type":"post","link":"https:\/\/aconteceunovale.com.br\/portal\/?p=112472","title":{"rendered":"Ap\u00f3s boa campanha na Superliga, Montes Claros tem dois jogadores convocados para a sele\u00e7\u00e3o brasileira"},"content":{"rendered":"<p>Depois de mais uma grande campanha na temporada 2016\/17 da Superliga Masculina, o Montes Claros V\u00f4lei recebeu o reconhecimento do trabalho que vem sendo feito desde 2014. A recompensa veio com a convoca\u00e7\u00e3o de dois atletas da equipe do territ\u00f3rio Norte para a Sele\u00e7\u00e3o Brasileira da modalidade.<\/p>\n<p>Os escolhidos pelo t\u00e9cnico Renan Dal Zotto foram o levantador Murilo Radke e o oposto Luan Weber, destaques do time na competi\u00e7\u00e3o nacional. Os atletas ir\u00e3o passar por um per\u00edodo de treinamentos no Centro de Desenvolvimento de Voleibol (CDV), em Saquarema (RJ). O grupo de 12 jogadores se apresentar\u00e1 no dia 23 de abril.<\/p>\n<p>Desde 2014, o clube faz uma campanha ascendente no cen\u00e1rio nacional. Na temporada 2014\/2015 da Superliga ficou em 8\u00ba lugar, conquistando o 5\u00ba nas edi\u00e7\u00f5es de 2015\/2016 e 2016\/17.<\/p>\n<p><img decoding=\"async\" src=\"http:\/\/aconteceunovale.com.br\/portal\/wp-content\/uploads\/2017\/04\/jogadores_mocvolei.jpeg\" alt=\"\" \/><em>O levantador Murilo Radke e o oposto Luan Weber (Fotos: Fredson Souza\/MCV)<\/em><br \/>\n<\/br><\/p>\n<p>Vale lembrar que a participa\u00e7\u00e3o da equipe na Superliga contou com o apoio Governo de Minas Gerais, por meio do Minas Esportiva Incentivo ao Esporte. Com o projeto aprovado no edital 011\/2015 do mecanismo gerido pela Secretaria de Estado de Esportes (SEESP), o Montes Claros V\u00f4lei captou R$150 mil da isen\u00e7\u00e3o fiscal da administra\u00e7\u00e3o estadual junto aos Supermercados BH. O recurso foi investido na participa\u00e7\u00e3o do time na competi\u00e7\u00e3o nacional e para a contrata\u00e7\u00e3o de integrantes para sua comiss\u00e3o t\u00e9cnica.<\/p>\n<p>\u201c\u00c9 muito satisfat\u00f3rio ver que o nosso trabalho em divulgar a Lei de Incentivo tem gerado bons frutos. E o Montes Claros V\u00f4lei tem sido um dos projetos que exemplificam essa import\u00e2ncia. Al\u00e9m de fomentar diretamente a pr\u00e1tica esportiva, tamb\u00e9m foram feitos cursos que qualificam os profissionais do setor\u201d, avalia o secret\u00e1rio de Estado de Esportes em exerc\u00edcio, Ricardo Sapi.<\/p>\n<p>O programa tamb\u00e9m viabilizou que Montes Claros fosse sede do Campeonato Sul-Americano de Clubes, disputado em fevereiro \u2013 competi\u00e7\u00e3o em que o time terminou em quarto lugar. Outra a\u00e7\u00e3o contemplada pela iniciativa foi a realiza\u00e7\u00e3o de cursos, como o de Voleibol Avan\u00e7ado, realizado tamb\u00e9m em fevereiro na cidade do norte do estado.<\/p>\n<p>Voltado para profissionais e acad\u00eamicos de Educa\u00e7\u00e3o F\u00edsica e pessoas que trabalham diretamente com o voleibol, o curso contou com a presen\u00e7a da comiss\u00e3o t\u00e9cnica da equipe formada por Marcelinho Ramos, Leandro Dutra e Gabriel Azzi, respectivamente t\u00e9cnico, auxiliar-t\u00e9cnico e preparador f\u00edsico do Montes Claros V\u00f4lei.<\/p>\n<p>O curso teve tanta procura, que nos dias 17 e 18 de abril, acontecer\u00e1 sua segunda edi\u00e7\u00e3o, na Pra\u00e7a de Esportes, em Montes Claros. O curso \u00e9 totalmente gratuito e as inscri\u00e7\u00f5es devem ser feitas na sede administrativa do Montes Claros V\u00f4lei, localizada no Montes Claros Shopping. Mais informa\u00e7\u00f5es\u00a0em <span style=\"color: #ff0000;\"><a href=\"http:\/\/montesclarosvolei.com.br\/news\/inscricoes-gratuitas-para-2o-curso-de-volibol-avancado-ja-estao-abertas\/\" target=\"_blank\"><span style=\"color: #ff0000;\">montesclarosvolei.com.br<\/span><\/a><\/span>.<\/p>\n<p>&#8220;Fizemos uma grande temporada, alcan\u00e7amos o status de quinta melhor equipe do pa\u00eds, nos mantivemos com a maior m\u00e9dia de p\u00fablico do voleibol brasileiro, participamos pela primeira vez de uma competi\u00e7\u00e3o oficial internacional. E, nada melhor que ter dois atletas convocados para mostrar que estamos no caminho certo. Muito disso, se deve a Lei de Incentivo que contribuiu diretamente para estrutura\u00e7\u00e3o dos nossos projetos nesta temporada&#8221;, comemora Andrey Souza, gestor do time.<\/p>\n<p><strong>Apoio ao v\u00f4lei<\/strong><\/p>\n<p>Dos 452 projetos aprovados pela Lei Estadual de Incentivo ao Esporte desde 2014, 132 cont\u00eam o v\u00f4lei nas suas atividades, o que equivale a 29,2% das iniciativas.\u00a0Por meio do programa de fomento \u00e0 pr\u00e1tica esportiva, 0,05% da receita l\u00edquida anual do ICMS que coube ao Governo de Minas Gerais podem ser direcionados pelas empresas contribuintes para apoiar atividades esportivas ou paradesportivas.<\/p>\n<p>Desde 2013, quando a Lei N\u00ba 20.824 que regulamenta a a\u00e7\u00e3o foi sancionada, foram aprovados 473 projetos que proporcionaram benef\u00edcios tanto para a popula\u00e7\u00e3o atendida quanto para as empresas apoiadoras. Desse total 127 projetos j\u00e1 foram executados ou est\u00e3o em execu\u00e7\u00e3o com recursos captados que ultrapassam os R$ 34,3 milh\u00f5es. J\u00e1 s\u00e3o mais de 67,4 mil benefici\u00e1rios entre crian\u00e7as, adolescentes, jovens, adultos e idosos, de 54 munic\u00edpios mineiros.<\/p>\n<p><strong>VER PRIMEIRO<\/strong><\/p>\n<p><strong>Receba as not\u00edcias do Aconteceu no Vale em primeira m\u00e3o. Clique em curtir no endere\u00e7o <a href=\"https:\/\/www.facebook.com\/aconteceunovale\" target=\"_blank\"><font color=\"red\">www.facebook.com\/aconteceunovale<\/font><\/a> ou no box abaixo:<\/strong><\/p>\n<div class=\"fb-like\" data-href=\"https:\/\/www.facebook.com\/aconteceunovale\" data-width=\"120\" data-layout=\"standard\" data-action=\"like\" data-size=\"small\" data-show-faces=\"true\" data-share=\"true\"><\/div>\n<p><\/br><\/p>\n<p><em>(Fonte: SEESP)<\/em><\/p>\n","protected":false},"excerpt":{"rendered":"<p>Depois de mais uma grande campanha na temporada 2016\/17 da Superliga Masculina, o Montes Claros V\u00f4lei recebeu o reconhecimento do trabalho que vem sendo feito desde 2014. A recompensa veio com a convoca\u00e7\u00e3o de dois atletas da equipe do territ\u00f3rio Norte para a Sele\u00e7\u00e3o Brasileira da modalidade. Os escolhidos pelo t\u00e9cnico Renan Dal Zotto foram [&hellip;]<\/p>\n","protected":false},"author":1,"featured_media":112473,"comment_status":"open","ping_status":"closed","sticky":false,"template":"","format":"standard","meta":{"amp_status":"","footnotes":""},"categories":[59,1236],"tags":[145600,145599,145598,145597,145596,145601,145593,145595,145594,82796,145592],"class_list":["post-112472","post","type-post","status-publish","format-standard","has-post-thumbnail","hentry","category-sports","category-norte_de_minas","tag-apos-boa-campanha-na-superliga","tag-campeonato-sul-americano-de-clubes","tag-cdv","tag-centro-de-desenvolvimento-de-voleibol","tag-luan-weber","tag-montes-claros-tem-dois-jogadores-convocados-para-a-selecao-brasileira","tag-montes-claros-volei","tag-murilo-radke","tag-renan-dal-zotto","tag-saquarema","tag-superliga-masculina"],"_links":{"self":[{"href":"https:\/\/aconteceunovale.com.br\/portal\/index.php?rest_route=\/wp\/v2\/posts\/112472","targetHints":{"allow":["GET"]}}],"collection":[{"href":"https:\/\/aconteceunovale.com.br\/portal\/index.php?rest_route=\/wp\/v2\/posts"}],"about":[{"href":"https:\/\/aconteceunovale.com.br\/portal\/index.php?rest_route=\/wp\/v2\/types\/post"}],"author":[{"embeddable":true,"href":"https:\/\/aconteceunovale.com.br\/portal\/index.php?rest_route=\/wp\/v2\/users\/1"}],"replies":[{"embeddable":true,"href":"https:\/\/aconteceunovale.com.br\/portal\/index.php?rest_route=%2Fwp%2Fv2%2Fcomments&post=112472"}],"version-history":[{"count":0,"href":"https:\/\/aconteceunovale.com.br\/portal\/index.php?rest_route=\/wp\/v2\/posts\/112472\/revisions"}],"wp:featuredmedia":[{"embeddable":true,"href":"https:\/\/aconteceunovale.com.br\/portal\/index.php?rest_route=\/wp\/v2\/media\/112473"}],"wp:attachment":[{"href":"https:\/\/aconteceunovale.com.br\/portal\/index.php?rest_route=%2Fwp%2Fv2%2Fmedia&parent=112472"}],"wp:term":[{"taxonomy":"category","embeddable":true,"href":"https:\/\/aconteceunovale.com.br\/portal\/index.php?rest_route=%2Fwp%2Fv2%2Fcategories&post=112472"},{"taxonomy":"post_tag","embeddable":true,"href":"https:\/\/aconteceunovale.com.br\/portal\/index.php?rest_route=%2Fwp%2Fv2%2Ftags&post=112472"}],"curies":[{"name":"wp","href":"https:\/\/api.w.org\/{rel}","templated":true}]}}