{"id":112465,"date":"2017-04-12T10:41:56","date_gmt":"2017-04-12T12:41:56","guid":{"rendered":"http:\/\/aconteceunovale.com.br\/portal\/?p=112465"},"modified":"2017-04-12T10:41:56","modified_gmt":"2017-04-12T12:41:56","slug":"dose-unica-da-vacina-contra-febre-amarela-ja-esta-valendo-em-minas-gerais","status":"publish","type":"post","link":"https:\/\/aconteceunovale.com.br\/portal\/?p=112465","title":{"rendered":"Dose \u00fanica da vacina contra febre amarela j\u00e1 est\u00e1 valendo em Minas Gerais"},"content":{"rendered":"<p>A ado\u00e7\u00e3o da dose \u00fanica da vacina contra febre amarela j\u00e1 est\u00e1 em vigor nas Unidades B\u00e1sicas de Sa\u00fade de Minas Gerais, desse o in\u00edcio do m\u00eas de abril. Isso significa que apenas uma dose \u00e9 capaz de imunizar por toda a vida, n\u00e3o havendo mais a necessidade de refor\u00e7o. A medida foi proposta pelo Minist\u00e9rio da Sa\u00fade, que recomenda a dose \u00fanica seguindo orienta\u00e7\u00f5es da Organiza\u00e7\u00e3o Mundial de Sa\u00fade (OMS).<\/p>\n<p>De acordo com a Diretora de Vigil\u00e2ncia Epidemiol\u00f3gica da Secretaria de Estado de Sa\u00fade de Minas Gerais (SES-MG), Jana\u00edna Fonseca Almeida, a recomenda\u00e7\u00e3o de uma \u00fanica dose \u00e9 segura e as vacinas permanecem sendo distribu\u00eddas para todo o estado.<\/p>\n<p>\u201cCom a mudan\u00e7a no esquema vacinal, quem j\u00e1 recebeu uma dose est\u00e1 imunizado por toda a vida, n\u00e3o sendo mais necess\u00e1rio fazer o refor\u00e7o. A vacina est\u00e1 dispon\u00edvel em todas as Unidades B\u00e1sicas de Sa\u00fade, sendo fundamental imunizar as pessoas que ainda n\u00e3o receberam nenhuma dose\u201d, explica.<\/p>\n<p>Antes da mudan\u00e7a, adultos precisavam receber a primeira dose da vacina mais um refor\u00e7o ap\u00f3s dez anos. Em rela\u00e7\u00e3o \u00e0s crian\u00e7as, a recomenda\u00e7\u00e3o antiga era que todas deveriam receber a primeira dose aos nove meses de idade e outra aos quatro anos.<\/p>\n<p>Ap\u00f3s a mudan\u00e7a, as crian\u00e7as dever\u00e3o receber uma \u00fanica dose a partir dos nove meses de idade. J\u00e1 pessoas acima de 60 anos que nunca foram vacinadas contra a febre amarela dever\u00e3o passar por uma avalia\u00e7\u00e3o, para determinar se existem contraindica\u00e7\u00f5es.<\/p>\n<p><strong>Vacina\u00e7\u00e3o permanece<\/strong><\/p>\n<p>A vacina\u00e7\u00e3o contra febre amarela continua sendo recomendada mesmo ap\u00f3s a queda no n\u00famero de notifica\u00e7\u00f5es da doen\u00e7a. Segundo Jana\u00edna Almeida, com a diminui\u00e7\u00e3o do risco de transmiss\u00e3o da febre amarela, \u00e9 natural que as pessoas se preocupem menos com a preven\u00e7\u00e3o e deem mais aten\u00e7\u00e3o para outras quest\u00f5es, como a seguran\u00e7a das vacinas.<\/p>\n<p>\u201cNa atualidade, a seguran\u00e7a das vacinas \u00e9 extremamente elevada, passando por todo um longo processo de licenciamento para produ\u00e7\u00e3o e libera\u00e7\u00e3o. Por\u00e9m, infelizmente, algumas pessoas ainda possuem certo medo de se vacinar. Entretanto, as a\u00e7\u00f5es de intensifica\u00e7\u00e3o vacinal permanecem e mesmo ap\u00f3s a diminui\u00e7\u00e3o no n\u00famero de casos de febre amarela toda a popula\u00e7\u00e3o que ainda n\u00e3o foi vacinada deve receber uma dose\u201d, explica.<\/p>\n<p>Ap\u00f3s o aparecimento dos primeiros casos de febre amarela em 2017, a SES-MG realizou uma s\u00e9rie de a\u00e7\u00f5es para o controle da doen\u00e7a, incluindo medidas de vacina\u00e7\u00e3o. Foi realizada busca casa a casa para imunizar a popula\u00e7\u00e3o que vivia nas \u00e1reas com registros de casos de febre amarela. Ao todo, foram administradas cerca de 7,5 milh\u00f5es de doses em 2017 com uma cobertura vacinal de 77% at\u00e9 o momento.<\/p>\n<p>A maior parte das pessoas acometidas pelo surto de febre amarela em Minas Gerais era composta por homens, residentes da zona rural e que nunca tomavam vacina. Al\u00e9m disso, a maioria alegava falta de tempo e de informa\u00e7\u00e3o sobre a vacina.<\/p>\n<p>Para assegurar o alcance da cobertura recomendada pelo Minist\u00e9rio da Sa\u00fade, que \u00e9 de 100% da popula\u00e7\u00e3o, est\u00e1 sendo realizado em todo o estado o Monitoramento R\u00e1pido de Cobertura (MRC) e uma varredura na zona rural. Isso significa que equipes de sa\u00fade est\u00e3o retornando casa a casa para verificar a situa\u00e7\u00e3o vacinal de todos da fam\u00edlia.<\/p>\n<p><strong>VER PRIMEIRO<\/strong><\/p>\n<p><strong>Receba as not\u00edcias do Aconteceu no Vale em primeira m\u00e3o. Clique em curtir no endere\u00e7o <a href=\"https:\/\/www.facebook.com\/aconteceunovale\" target=\"_blank\"><font color=\"red\">www.facebook.com\/aconteceunovale<\/font><\/a> ou no box abaixo:<\/strong><\/p>\n<div class=\"fb-like\" data-href=\"https:\/\/www.facebook.com\/aconteceunovale\" data-width=\"120\" data-layout=\"standard\" data-action=\"like\" data-size=\"small\" data-show-faces=\"true\" data-share=\"true\"><\/div>\n<p><\/br><\/p>\n<p><em>(Fonte: Ag\u00eancia Minas)<\/em><\/p>\n","protected":false},"excerpt":{"rendered":"<p>A ado\u00e7\u00e3o da dose \u00fanica da vacina contra febre amarela j\u00e1 est\u00e1 em vigor nas Unidades B\u00e1sicas de Sa\u00fade de Minas Gerais, desse o in\u00edcio do m\u00eas de abril. Isso significa que apenas uma dose \u00e9 capaz de imunizar por toda a vida, n\u00e3o havendo mais a necessidade de refor\u00e7o. A medida foi proposta pelo [&hellip;]<\/p>\n","protected":false},"author":1,"featured_media":109480,"comment_status":"open","ping_status":"closed","sticky":false,"template":"","format":"standard","meta":{"amp_status":"","footnotes":""},"categories":[123,40242],"tags":[144928,145324,145589,47713,144925,144927,145323,19152,144924,144923,21730,144926],"class_list":["post-112465","post","type-post","status-publish","format-standard","has-post-thumbnail","hentry","category-gerais","category-saude-2","tag-alteracoes-vacina-contra-a-febre-amarela","tag-dose-unica","tag-dose-unica-da-vacina-contra-febre-amarela-ja-esta-valendo-em-minas-gerais","tag-febre-amarela","tag-fim-da-segunda-dose-de-vacina-contra-a-febre-amarela","tag-mudancas-vacina-contra-a-febre-amarela","tag-saiba-como-sera-a-vacinacao-contra-a-febre-amarela-em-apenas-uma-dose","tag-saude","tag-segunda-dose-de-vacina-contra-a-febre-amarela","tag-segunda-dose-de-vacina-contra-a-febre-amarela-passa-a-ser-dispensavel","tag-vacina","tag-vacina-contra-a-febre-amarela"],"_links":{"self":[{"href":"https:\/\/aconteceunovale.com.br\/portal\/index.php?rest_route=\/wp\/v2\/posts\/112465","targetHints":{"allow":["GET"]}}],"collection":[{"href":"https:\/\/aconteceunovale.com.br\/portal\/index.php?rest_route=\/wp\/v2\/posts"}],"about":[{"href":"https:\/\/aconteceunovale.com.br\/portal\/index.php?rest_route=\/wp\/v2\/types\/post"}],"author":[{"embeddable":true,"href":"https:\/\/aconteceunovale.com.br\/portal\/index.php?rest_route=\/wp\/v2\/users\/1"}],"replies":[{"embeddable":true,"href":"https:\/\/aconteceunovale.com.br\/portal\/index.php?rest_route=%2Fwp%2Fv2%2Fcomments&post=112465"}],"version-history":[{"count":0,"href":"https:\/\/aconteceunovale.com.br\/portal\/index.php?rest_route=\/wp\/v2\/posts\/112465\/revisions"}],"wp:featuredmedia":[{"embeddable":true,"href":"https:\/\/aconteceunovale.com.br\/portal\/index.php?rest_route=\/wp\/v2\/media\/109480"}],"wp:attachment":[{"href":"https:\/\/aconteceunovale.com.br\/portal\/index.php?rest_route=%2Fwp%2Fv2%2Fmedia&parent=112465"}],"wp:term":[{"taxonomy":"category","embeddable":true,"href":"https:\/\/aconteceunovale.com.br\/portal\/index.php?rest_route=%2Fwp%2Fv2%2Fcategories&post=112465"},{"taxonomy":"post_tag","embeddable":true,"href":"https:\/\/aconteceunovale.com.br\/portal\/index.php?rest_route=%2Fwp%2Fv2%2Ftags&post=112465"}],"curies":[{"name":"wp","href":"https:\/\/api.w.org\/{rel}","templated":true}]}}