{"id":112462,"date":"2017-04-12T00:45:54","date_gmt":"2017-04-12T02:45:54","guid":{"rendered":"http:\/\/aconteceunovale.com.br\/portal\/?p=112462"},"modified":"2017-04-12T00:45:54","modified_gmt":"2017-04-12T02:45:54","slug":"carne-produzida-em-minas-gerais-mostra-qualidade-e-exportacoes-avancam","status":"publish","type":"post","link":"https:\/\/aconteceunovale.com.br\/portal\/?p=112462","title":{"rendered":"Carne produzida em Minas Gerais mostra qualidade e exporta\u00e7\u00f5es avan\u00e7am"},"content":{"rendered":"<p>As exporta\u00e7\u00f5es mineiras de carnes registraram faturamento de US$ 241,7 milh\u00f5es no primeiro trimestre do ano, com crescimento de 30,7% em rela\u00e7\u00e3o ao primeiro trimestre de 2016. Tamb\u00e9m houve crescimento no volume exportado, de aproximadamente 10%, alcan\u00e7ando 97,2 mil toneladas. Os n\u00fameros, divulgados pela Secretaria de Estado da Agricultura, Pecu\u00e1ria e Abastecimento (Seapa) com base em dados do Minist\u00e9rio de Desenvolvimento, Ind\u00fastria e Com\u00e9rcio Exterior (MDIC), mostram que a Opera\u00e7\u00e3o Carne Fraca, da Pol\u00edcia Federal (PF), deflagrada em meados de mar\u00e7o, n\u00e3o causou impactos significativos na cadeia produtora do estado no per\u00edodo analisado.<\/p>\n<p>Na avalia\u00e7\u00e3o do superintendente de Abastecimento e Economia Agr\u00edcola da Seapa, Jo\u00e3o Ricardo Albanez, o mais prov\u00e1vel \u00e9 que os efeitos da opera\u00e7\u00e3o tenham impacto sobre os pre\u00e7os e n\u00e3o sobre o volume exportado. \u201cO Brasil \u00e9 um player importante entre os principais pa\u00edses exportadores, respondendo 17% da carne bovina, 10,9% da carne su\u00edna e 38,6% da carne de frango. Os pa\u00edses importadores n\u00e3o podem abrir m\u00e3o da produ\u00e7\u00e3o brasileira, mas como o pre\u00e7o de todas as carnes vinha numa tend\u00eancia de crescimento, o mercado pode tentar influir nos valores negociados\u201d, avalia.<\/p>\n<p>Assim como a carne, os n\u00fameros gerais do agroneg\u00f3cio mineiro apresentaram bom desempenho de janeiro a mar\u00e7o deste ano. O setor contribuiu com 27,9% da pauta mineira de exporta\u00e7\u00f5es no primeiro trimestre, totalizando US$ 1,9 bilh\u00e3o e crescimento de 16,9% em rela\u00e7\u00e3o ao primeiro trimestre do ano passado, segundo a Seapa.<\/p>\n<p>Segundo Albanez, os n\u00fameros sinalizam resultados promissores para as exporta\u00e7\u00f5es mineiras. \u201cComo houve decl\u00ednio de 4% em rela\u00e7\u00e3o ao volume exportado, os dados est\u00e3o demonstrando uma valoriza\u00e7\u00e3o dos pre\u00e7os dos produtos agr\u00edcolas no mercado externo\u201d, explica.<\/p>\n<p>O principal produto da pauta de exporta\u00e7\u00f5es do agroneg\u00f3cio continua sendo o caf\u00e9, que representou, no primeiro trimestre, 51,6% do total exportado pelo segmento. O valor alcan\u00e7ado com a comercializa\u00e7\u00e3o foi de US$ 965,8 milh\u00f5es, indicando aumento de 17% em rela\u00e7\u00e3o ao registrado no mesmo per\u00edodo do ano passado.<\/p>\n<p>Os principais pa\u00edses importadores do agroneg\u00f3cio mineiro, no primeiro trimestre, foram China (15,4%), Estados Unidos (11,5%), Alemanha (11,5%), It\u00e1lia (6,8%) e Jap\u00e3o (5,7%).<\/p>\n<p><strong>Exporta\u00e7\u00f5es do Agroneg\u00f3cio \u2013 1\u00ba Trimestre 2017<\/strong><\/p>\n<p>Caf\u00e9 \u2013 US$ 965,8 milh\u00f5es (51,6% do agroneg\u00f3cio mineiro)<br \/>\nCarnes \u2013 US$ 241,7 milh\u00f5es (12,9%)<br \/>\nComplexo Sucroalcooleiro \u2013 US$ 190,7 milh\u00f5es (10,2%)<br \/>\nComplexo Soja \u2013 US$ 220,8 milh\u00f5es (11,8%)<br \/>\nProdutos Florestais \u2013 US$ 141,7 milh\u00f5es (7,6%)<\/p>\n<p><img decoding=\"async\" src=\"http:\/\/aconteceunovale.com.br\/portal\/wp-content\/uploads\/2017\/04\/carne_mg.jpg\" alt=\"\" \/><em>Carne produzida em Minas Gerais mostra qualidade (Foto: Divulga\u00e7\u00e3o\/Seapa)<\/em><br \/>\n<\/br><\/p>\n<p><strong>VER PRIMEIRO<\/strong><\/p>\n<p><strong>Receba as not\u00edcias do Aconteceu no Vale em primeira m\u00e3o. Clique em curtir no endere\u00e7o <a href=\"https:\/\/www.facebook.com\/aconteceunovale\" target=\"_blank\"><font color=\"red\">www.facebook.com\/aconteceunovale<\/font><\/a> ou no box abaixo:<\/strong><\/p>\n<div class=\"fb-like\" data-href=\"https:\/\/www.facebook.com\/aconteceunovale\" data-width=\"120\" data-layout=\"standard\" data-action=\"like\" data-size=\"small\" data-show-faces=\"true\" data-share=\"true\"><\/div>\n<p><\/br><\/p>\n<p><em>(Fonte: Ag\u00eancia Minas)<\/em><\/p>\n","protected":false},"excerpt":{"rendered":"<p>As exporta\u00e7\u00f5es mineiras de carnes registraram faturamento de US$ 241,7 milh\u00f5es no primeiro trimestre do ano, com crescimento de 30,7% em rela\u00e7\u00e3o ao primeiro trimestre de 2016. Tamb\u00e9m houve crescimento no volume exportado, de aproximadamente 10%, alcan\u00e7ando 97,2 mil toneladas. Os n\u00fameros, divulgados pela Secretaria de Estado da Agricultura, Pecu\u00e1ria e Abastecimento (Seapa) com base [&hellip;]<\/p>\n","protected":false},"author":1,"featured_media":112463,"comment_status":"open","ping_status":"closed","sticky":false,"template":"","format":"standard","meta":{"amp_status":"","footnotes":""},"categories":[123,28848],"tags":[109876,145585,145584,1018,145587,145588,29230,29229,145586,27578],"class_list":["post-112462","post","type-post","status-publish","format-standard","has-post-thumbnail","hentry","category-gerais","category-mundo","tag-carne-produzida-em-minas-gerais","tag-carne-produzida-em-minas-gerais-mostra-qualidade","tag-carne-produzida-em-minas-gerais-mostra-qualidade-e-exportacoes-avancam","tag-destaque","tag-exportacoes-de-carne-produzida-em-minas-gerais","tag-exportacoes-mineiras-de-carnes","tag-joao-ricardo-albanez","tag-mdic","tag-qualidade-da-carne-produzida-em-minas-gerais","tag-seapa"],"_links":{"self":[{"href":"https:\/\/aconteceunovale.com.br\/portal\/index.php?rest_route=\/wp\/v2\/posts\/112462","targetHints":{"allow":["GET"]}}],"collection":[{"href":"https:\/\/aconteceunovale.com.br\/portal\/index.php?rest_route=\/wp\/v2\/posts"}],"about":[{"href":"https:\/\/aconteceunovale.com.br\/portal\/index.php?rest_route=\/wp\/v2\/types\/post"}],"author":[{"embeddable":true,"href":"https:\/\/aconteceunovale.com.br\/portal\/index.php?rest_route=\/wp\/v2\/users\/1"}],"replies":[{"embeddable":true,"href":"https:\/\/aconteceunovale.com.br\/portal\/index.php?rest_route=%2Fwp%2Fv2%2Fcomments&post=112462"}],"version-history":[{"count":0,"href":"https:\/\/aconteceunovale.com.br\/portal\/index.php?rest_route=\/wp\/v2\/posts\/112462\/revisions"}],"wp:featuredmedia":[{"embeddable":true,"href":"https:\/\/aconteceunovale.com.br\/portal\/index.php?rest_route=\/wp\/v2\/media\/112463"}],"wp:attachment":[{"href":"https:\/\/aconteceunovale.com.br\/portal\/index.php?rest_route=%2Fwp%2Fv2%2Fmedia&parent=112462"}],"wp:term":[{"taxonomy":"category","embeddable":true,"href":"https:\/\/aconteceunovale.com.br\/portal\/index.php?rest_route=%2Fwp%2Fv2%2Fcategories&post=112462"},{"taxonomy":"post_tag","embeddable":true,"href":"https:\/\/aconteceunovale.com.br\/portal\/index.php?rest_route=%2Fwp%2Fv2%2Ftags&post=112462"}],"curies":[{"name":"wp","href":"https:\/\/api.w.org\/{rel}","templated":true}]}}