{"id":112460,"date":"2017-04-12T00:09:59","date_gmt":"2017-04-12T02:09:59","guid":{"rendered":"http:\/\/aconteceunovale.com.br\/portal\/?p=112460"},"modified":"2017-04-12T00:09:59","modified_gmt":"2017-04-12T02:09:59","slug":"donos-de-fazenda-onde-integrantes-do-mst-foram-baleados-no-norte-de-minas-negociaram-desapropriacao","status":"publish","type":"post","link":"https:\/\/aconteceunovale.com.br\/portal\/?p=112460","title":{"rendered":"Donos de fazenda onde integrantes do MST foram baleados no Norte de Minas negociaram desapropria\u00e7\u00e3o"},"content":{"rendered":"<p>Os propriet\u00e1rios da Fazenda Norte Am\u00e9rica, em Capit\u00e3o Eneias (MG), j\u00e1 negociaram por duas vezes com o Instituto Nacional de Coloniza\u00e7\u00e3o e Reforma Agr\u00e1ria (Incra) a venda da fazenda ao Estado para fins de assentamento. As tratativas ocorreram em 2002 e 2004, mas, por motivos diferentes, a venda n\u00e3o se concretizou em nenhuma das ocasi\u00f5es.<\/p>\n<p>No \u00faltimo domingo, a fazenda foi palco de um ataque armado a 300 trabalhadores rurais sem terra acampados na \u00e1rea.<\/p>\n<p>Segundo o Incra, em 2002, os propriet\u00e1rios n\u00e3o concordaram com os valores oferecidos pela Uni\u00e3o. J\u00e1 em 2004, ap\u00f3s nova oferta, houve acordo. No entanto, a transa\u00e7\u00e3o n\u00e3o evoluiu porque o im\u00f3vel da sede da fazenda encontrava-se hipotecado pelo Banco do Brasil. Desde ent\u00e3o, n\u00e3o houve retomada das conversas.<\/p>\n<p>Ontem (10), a Comiss\u00e3o de Direitos Humanos e Minorias da C\u00e2mara dos Deputados abriu procedimento para apurar as circunst\u00e2ncias do ataque aos sem-terra. Sete pessoas foram baleadas: tr\u00eas precisaram ser hospitalizadas, uma delas passou por cirurgia. As outras quatro foram atingidas apenas de rasp\u00e3o, incluindo uma crian\u00e7a de 10 anos.<\/p>\n<p>A ocupa\u00e7\u00e3o da fazenda pelos sem-terra teve in\u00edcio em janeiro deste ano. Eles alegam que a propriedade de 3 mil hectares era improdutiva. Os donos da fazenda negam e garantem que desenvolvem explora\u00e7\u00e3o agr\u00edcola irrigada por piv\u00f4 central e realizam atividade de insemina\u00e7\u00e3o artificial in vitro. Tamb\u00e9m afirmam que h\u00e1 mil bovinos e 600 equinos nas terras.<\/p>\n<p><strong>Investiga\u00e7\u00f5es<\/strong><\/p>\n<p>De acordo com o Movimento dos Trabalhadores Rurais Sem Terra (MST), Leonardo Andrade, um dos donos da fazenda, convidou os agricultores acampados para uma reuni\u00e3o. Por volta de 7h30, quando se dirigiam ao encontro, os trabalhadores teriam sido surpreendidos por cerca de 10 pistoleiros na carroceria de um ve\u00edculo Hilux. As v\u00edtimas dizem que a emboscada foi organizada por Andrade.<\/p>\n<p>O caso est\u00e1 sendo investigado pela Pol\u00edcia Civil. No dia do epis\u00f3dio, a Pol\u00edcia Militar apreendeu na fazenda armas e muni\u00e7\u00f5es. Dois funcion\u00e1rios flagrados escondendo um rev\u00f3lver e cartuchos foram presos e autuados por porte ilegal de arma.<\/p>\n<p>A m\u00e3e de Leonardo Andrade, M\u00e1rcia das Gra\u00e7as Andrade, divulgou nota ontem informando que a fazenda foi comprada pelo marido h\u00e1 mais de 10 anos e negou que a fam\u00edlia tenha praticado qualquer ato violento.<\/p>\n<p>No dia 21 de fevereiro, a reintegra\u00e7\u00e3o de posse da Fazenda Norte Am\u00e9rica foi determinada por decis\u00e3o judicial em car\u00e1ter liminar. A Defensoria P\u00fablica do Estado de Minas Gerais recorreu em favor dos sem-terra, mas o desembargador Roberto Soares de Vasconcellos Paes indeferiu o pedido e manteve a liminar.<\/p>\n<p><img decoding=\"async\" src=\"http:\/\/aconteceunovale.com.br\/portal\/wp-content\/uploads\/2017\/04\/fazenda_capitao.jpg\" alt=\"\" \/><em>Dois homens foram presos e uma arma apreendida pela PM (Foto: Divulga\u00e7\u00e3o\/MST)<\/em><br \/>\n<\/br><\/p>\n<p><strong>VER PRIMEIRO<\/strong><\/p>\n<p><strong>Receba as not\u00edcias do Aconteceu no Vale em primeira m\u00e3o. Clique em curtir no endere\u00e7o <a href=\"https:\/\/www.facebook.com\/aconteceunovale\" target=\"_blank\"><font color=\"red\">www.facebook.com\/aconteceunovale<\/font><\/a> ou no box abaixo:<\/strong><\/p>\n<div class=\"fb-like\" data-href=\"https:\/\/www.facebook.com\/aconteceunovale\" data-width=\"120\" data-layout=\"standard\" data-action=\"like\" data-size=\"small\" data-show-faces=\"true\" data-share=\"true\"><\/div>\n<p><\/br><\/p>\n<p><em>(Fonte: Ag\u00eancia Brasil)<\/em><\/p>\n","protected":false},"excerpt":{"rendered":"<p>Os propriet\u00e1rios da Fazenda Norte Am\u00e9rica, em Capit\u00e3o Eneias (MG), j\u00e1 negociaram por duas vezes com o Instituto Nacional de Coloniza\u00e7\u00e3o e Reforma Agr\u00e1ria (Incra) a venda da fazenda ao Estado para fins de assentamento. As tratativas ocorreram em 2002 e 2004, mas, por motivos diferentes, a venda n\u00e3o se concretizou em nenhuma das ocasi\u00f5es. [&hellip;]<\/p>\n","protected":false},"author":1,"featured_media":112302,"comment_status":"open","ping_status":"closed","sticky":false,"template":"","format":"standard","meta":{"amp_status":"","footnotes":""},"categories":[1236],"tags":[145325,145330,1429,145443,145442,145327,145582,145581,145583,136322,145328,145447,145326,145331,36873,16686,33228,70381,145329,69509,145580],"class_list":["post-112460","post","type-post","status-publish","format-standard","has-post-thumbnail","hentry","category-norte_de_minas","tag-baleados-em-capitao-eneas","tag-baleados-na-fazenda-norte-america","tag-capitao-eneas","tag-comissao-da-camara-investiga-ataque-armado-a-sem-terra-em-capitao-eneas","tag-comissao-de-direitos-humanos-da-camara","tag-conflito-de-terra-em-capitao-eneas","tag-conflito-no-campo","tag-desapropriacao","tag-donos-de-fazenda-onde-integrantes-do-mst-foram-baleados-no-norte-de-minas-negociaram-desapropriacao","tag-fazenda-norte-america","tag-gessica-thais-goncalves-de-freitas","tag-homens-que-atiraram-em-integrantes-do-mst-no-norte-de-minas-sao-presos-e-autuados","tag-integrantes-do-mst-baleados-em-capitao-eneas","tag-integrantes-do-mst-sao-baleados-no-municipio-de-capitao-eneas","tag-movimento-dos-trabalhadores-rurais-sem-terra","tag-mst","tag-no-norte-de-minas","tag-reforma-agraria","tag-renato-pereira-dos-santos","tag-soebras","tag-trabalhadores-rurais-sem-terra"],"_links":{"self":[{"href":"https:\/\/aconteceunovale.com.br\/portal\/index.php?rest_route=\/wp\/v2\/posts\/112460","targetHints":{"allow":["GET"]}}],"collection":[{"href":"https:\/\/aconteceunovale.com.br\/portal\/index.php?rest_route=\/wp\/v2\/posts"}],"about":[{"href":"https:\/\/aconteceunovale.com.br\/portal\/index.php?rest_route=\/wp\/v2\/types\/post"}],"author":[{"embeddable":true,"href":"https:\/\/aconteceunovale.com.br\/portal\/index.php?rest_route=\/wp\/v2\/users\/1"}],"replies":[{"embeddable":true,"href":"https:\/\/aconteceunovale.com.br\/portal\/index.php?rest_route=%2Fwp%2Fv2%2Fcomments&post=112460"}],"version-history":[{"count":0,"href":"https:\/\/aconteceunovale.com.br\/portal\/index.php?rest_route=\/wp\/v2\/posts\/112460\/revisions"}],"wp:featuredmedia":[{"embeddable":true,"href":"https:\/\/aconteceunovale.com.br\/portal\/index.php?rest_route=\/wp\/v2\/media\/112302"}],"wp:attachment":[{"href":"https:\/\/aconteceunovale.com.br\/portal\/index.php?rest_route=%2Fwp%2Fv2%2Fmedia&parent=112460"}],"wp:term":[{"taxonomy":"category","embeddable":true,"href":"https:\/\/aconteceunovale.com.br\/portal\/index.php?rest_route=%2Fwp%2Fv2%2Fcategories&post=112460"},{"taxonomy":"post_tag","embeddable":true,"href":"https:\/\/aconteceunovale.com.br\/portal\/index.php?rest_route=%2Fwp%2Fv2%2Ftags&post=112460"}],"curies":[{"name":"wp","href":"https:\/\/api.w.org\/{rel}","templated":true}]}}