{"id":112456,"date":"2017-04-12T00:00:37","date_gmt":"2017-04-12T02:00:37","guid":{"rendered":"http:\/\/aconteceunovale.com.br\/portal\/?p=112456"},"modified":"2017-04-12T00:01:47","modified_gmt":"2017-04-12T02:01:47","slug":"senado-aprova-lei-que-cria-documento-de-identificacao-nacional","status":"publish","type":"post","link":"https:\/\/aconteceunovale.com.br\/portal\/?p=112456","title":{"rendered":"Senado aprova lei que cria Documento de Identifica\u00e7\u00e3o Nacional"},"content":{"rendered":"<p>O plen\u00e1rio do Senado aprovou hoje (11\/04\/2017) o projeto de lei que cria o Documento de Identifica\u00e7\u00e3o Nacional, que reunir\u00e1 dados biom\u00e9tricos e civis, como Registro Geral, Carteira Nacional de Habilita\u00e7\u00e3o, Cadastro de Pessoa F\u00edsica (CPF) e t\u00edtulo de eleitor em um \u00fanico documento.<\/p>\n<p>De acordo com o projeto, a Identifica\u00e7\u00e3o Nacional dispensar\u00e1 a apresenta\u00e7\u00e3o dos documentos que lhe deram origem ou nele mencionados e ser\u00e1 emitida pela Justi\u00e7a Eleitoral, ou por delega\u00e7\u00e3o do Tribunal Superior Eleitoral (TSE) a outros \u00f3rg\u00e3os para aproveitar o cadastro biom\u00e9trico nacional realizado para as elei\u00e7\u00f5es. O documento ser\u00e1 impresso pela Casa da Moeda e usar\u00e1 como base de identifica\u00e7\u00e3o o CPF.<\/p>\n<p>Conforme o texto, o documento \u00fanico ser\u00e1 emitido com base na Identifica\u00e7\u00e3o Civil Nacional, criada pelo projeto com o objetivo de juntar informa\u00e7\u00f5es sobre o cidad\u00e3o. A nova base de dados ser\u00e1 gerida pelo TSE, que garantir\u00e1 o acesso \u00e0 Uni\u00e3o, aos estados, ao Distrito Federal, aos munic\u00edpios e ao Poder Legislativo.<\/p>\n<p>O relator do projeto, senador Ant\u00f4nio Anastasia (PSDB-MG) acatou apenas uma emenda de reda\u00e7\u00e3o e, por isso, o texto n\u00e3o precisar\u00e1 retornar para revis\u00e3o da C\u00e2mara dos Deputados. Com isso, a mat\u00e9ria segue para san\u00e7\u00e3o do presidente Michel Temer.<\/p>\n<p><strong>VER PRIMEIRO<\/strong><\/p>\n<p><strong>Receba as not\u00edcias do Aconteceu no Vale em primeira m\u00e3o. Clique em curtir no endere\u00e7o <a href=\"https:\/\/www.facebook.com\/aconteceunovale\" target=\"_blank\"><font color=\"red\">www.facebook.com\/aconteceunovale<\/font><\/a> ou no box abaixo:<\/strong><\/p>\n<div class=\"fb-like\" data-href=\"https:\/\/www.facebook.com\/aconteceunovale\" data-width=\"120\" data-layout=\"standard\" data-action=\"like\" data-size=\"small\" data-show-faces=\"true\" data-share=\"true\"><\/div>\n<p><\/br><\/p>\n<p><em>(Fonte: Ag\u00eancia Brasil)<\/em><\/p>\n","protected":false},"excerpt":{"rendered":"<p>O plen\u00e1rio do Senado aprovou hoje (11\/04\/2017) o projeto de lei que cria o Documento de Identifica\u00e7\u00e3o Nacional, que reunir\u00e1 dados biom\u00e9tricos e civis, como Registro Geral, Carteira Nacional de Habilita\u00e7\u00e3o, Cadastro de Pessoa F\u00edsica (CPF) e t\u00edtulo de eleitor em um \u00fanico documento. De acordo com o projeto, a Identifica\u00e7\u00e3o Nacional dispensar\u00e1 a apresenta\u00e7\u00e3o [&hellip;]<\/p>\n","protected":false},"author":1,"featured_media":112459,"comment_status":"open","ping_status":"closed","sticky":false,"template":"","format":"standard","meta":{"amp_status":"","footnotes":""},"categories":[6],"tags":[145578,22942,27752,145575,145579,145577,145576,21938,145574],"class_list":["post-112456","post","type-post","status-publish","format-standard","has-post-thumbnail","hentry","category-br","tag-cadastro-de-pessoa-fisica","tag-carteira-nacional-de-habilitacao","tag-cpf","tag-documento-de-identificacao-nacional","tag-documento-unico","tag-egistro-geral","tag-lei-que-cria-documento-de-identificacao-nacional","tag-senado","tag-senado-aprova-lei-que-cria-documento-de-identificacao-nacional"],"_links":{"self":[{"href":"https:\/\/aconteceunovale.com.br\/portal\/index.php?rest_route=\/wp\/v2\/posts\/112456","targetHints":{"allow":["GET"]}}],"collection":[{"href":"https:\/\/aconteceunovale.com.br\/portal\/index.php?rest_route=\/wp\/v2\/posts"}],"about":[{"href":"https:\/\/aconteceunovale.com.br\/portal\/index.php?rest_route=\/wp\/v2\/types\/post"}],"author":[{"embeddable":true,"href":"https:\/\/aconteceunovale.com.br\/portal\/index.php?rest_route=\/wp\/v2\/users\/1"}],"replies":[{"embeddable":true,"href":"https:\/\/aconteceunovale.com.br\/portal\/index.php?rest_route=%2Fwp%2Fv2%2Fcomments&post=112456"}],"version-history":[{"count":0,"href":"https:\/\/aconteceunovale.com.br\/portal\/index.php?rest_route=\/wp\/v2\/posts\/112456\/revisions"}],"wp:featuredmedia":[{"embeddable":true,"href":"https:\/\/aconteceunovale.com.br\/portal\/index.php?rest_route=\/wp\/v2\/media\/112459"}],"wp:attachment":[{"href":"https:\/\/aconteceunovale.com.br\/portal\/index.php?rest_route=%2Fwp%2Fv2%2Fmedia&parent=112456"}],"wp:term":[{"taxonomy":"category","embeddable":true,"href":"https:\/\/aconteceunovale.com.br\/portal\/index.php?rest_route=%2Fwp%2Fv2%2Fcategories&post=112456"},{"taxonomy":"post_tag","embeddable":true,"href":"https:\/\/aconteceunovale.com.br\/portal\/index.php?rest_route=%2Fwp%2Fv2%2Ftags&post=112456"}],"curies":[{"name":"wp","href":"https:\/\/api.w.org\/{rel}","templated":true}]}}