{"id":112450,"date":"2017-04-11T22:30:13","date_gmt":"2017-04-12T00:30:13","guid":{"rendered":"http:\/\/aconteceunovale.com.br\/portal\/?p=112450"},"modified":"2017-04-11T22:59:51","modified_gmt":"2017-04-12T00:59:51","slug":"relator-da-lava-jato-manda-investigar-3-governadores-9-ministros-29-senadores-e-42-deputados","status":"publish","type":"post","link":"https:\/\/aconteceunovale.com.br\/portal\/?p=112450","title":{"rendered":"STF vai investigar 3 governadores, 8 ministros, 24 senadores e 42 deputados"},"content":{"rendered":"<p>O ministro do Supremo Tribunal Federal (STF) Edson Fachin\u00a0autorizou abertura de investiga\u00e7\u00e3o\u00a0contra oito ministros do governo federal, tr\u00eas governadores, 24 senadores e 42 deputados federais. Todos foram citados nos depoimentos de dela\u00e7\u00e3o premiada de ex-diretores da empreiteira Odebrecht, no \u00e2mbito da Opera\u00e7\u00e3o Lava Jato. O ministro Tribunal de Contas da Uni\u00e3o (TCU) Vital do R\u00eago Filho tamb\u00e9m ser\u00e1 investigado<\/p>\n<p>Com a abertura da investiga\u00e7\u00e3o, os processos devem seguir para a Procuradoria-Geral da Rep\u00fablica (PGR) e para a Pol\u00edcia Federal (PF) para que sejam cumpridas as primeiras dilig\u00eancias contra os citados. Ao longo da investiga\u00e7\u00e3o, podem ser solicitadas quebras de sigilo telef\u00f4nico e fiscal, al\u00e9m da oitiva dos pr\u00f3prios acusados.<\/p>\n<p><img decoding=\"async\" src=\"http:\/\/aconteceunovale.com.br\/portal\/wp-content\/uploads\/2017\/04\/fechin.jpg\" alt=\"\" \/><em>Fachin manda investigar dezenas de pol\u00edticos (Foto: Marcelo Camargo\/Ag\u00eancia Brasil)<\/em><br \/>\n<\/br><\/p>\n<p>Veja a lista dos ministros, senadores e deputados que ser\u00e3o investigados.<\/p>\n<p><strong>Ministros<\/strong><\/p>\n<p>1. Moreira Franco, ministro da Secretaria-Geral da Presid\u00eancia da Rep\u00fablica<br \/>\n2 &#8211; Bruno Ara\u00fajo, ministro das Cidades<br \/>\n3 &#8211; Aloysio Nunes, ministro das Rela\u00e7\u00f5es Exteriores<br \/>\n4 &#8211; Marcos Ant\u00f4nio Pereira, ministro da Ind\u00fastria, Com\u00e9rcio Exterior e Servi\u00e7os<br \/>\n5 &#8211; Blairo Maggi, Ministro da Agricultura, Pecu\u00e1ria e Abastecimento<br \/>\n6 &#8211; Helder Barbalho, ministro da Integra\u00e7\u00e3o Nacional<br \/>\n7 &#8211; Eliseu Padilha , ministro da Casa Civil Eliseu Padilha<br \/>\n8 &#8211; Gilberto Kassab, ministro da Ci\u00eancia e Tecnologia<\/p>\n<p><strong>Governadores<\/strong><\/p>\n<p>1 &#8211; Renan Filho, governador de Alagoas<br \/>\n2 &#8211; Robinson Faria, governador do Rio Grande do Norte<br \/>\n3 &#8211; Ti\u00e3o Viana, governador do Estado do Acre<\/p>\n<p><strong>Senadores<\/strong><\/p>\n<p>1. Romero Juc\u00e1 (PMDB-RR)<br \/>\n2. A\u00e9cio Neves (PSDB-MG)<br \/>\n3. Renan Calheiros (PMDB-AL)<br \/>\n4. Fernando Bezerra Coelho (PSB-PE)<br \/>\n5. Paulo Rocha (PT-PA)<br \/>\n6. Humberto Costa (PT-PE)<br \/>\n7. Edison Lob\u00e3o (PMDB-MA)<br \/>\n8. C\u00e1ssio Cunha Lima (PSDB-PB)<br \/>\n9. Jorge Viana (PT-AC)<br \/>\n10. Lidice da Mata (PSB-BA)<br \/>\n11. Ciro Nogueira (PP-PI)<br \/>\n12. Dal\u00edrio Beber (PSDB-SC)<br \/>\n13. Ivo Cassol (PP-RO)<br \/>\n14. Lindbergh Farias (PT-RJ)<br \/>\n15. Vanessa Grazziotin (PCdoB-AM)<br \/>\n16. K\u00e1tia Abreu (PMDB-TO)<br \/>\n17. Fernando Collor (PTC-AL)<br \/>\n18. Jos\u00e9 Serra (PSDB-SP)<br \/>\n19. Eduardo Braga (PMDB-AM)<br \/>\n20. Omar Aziz (PSD-AM)<br \/>\n21. Valdir Raupp (PMDB-RN)<br \/>\n22. Eun\u00edcio Oliveira (PMDB-CE)<br \/>\n23. Ricardo Ferra\u00e7o (PSDB-ES)<br \/>\n24. Antonio Anastasia (PSDB-MG)<\/p>\n<p><strong>Deputados Federais<\/strong><\/p>\n<p>1 &#8211; Rodrigo Maia (DEM-RJ), presidente da C\u00e2mara<br \/>\n2. Marco Maia (PT-RS)<br \/>\n3. Carlos Zarattini (PT-SP)<br \/>\n4. Paulinho da For\u00e7a (SD-SP)<br \/>\n5. Jo\u00e3o Carlos Bacelar (PR-BA)<br \/>\n6. Milton Monti (PR-SP)<br \/>\n7. Jos\u00e9 Carlos Aleluia (DEM-BA)<br \/>\n8. Daniel Almeida (PCdoB-BA)<br \/>\n9. M\u00e1rio Negromonte Jr. (PP-BA)<br \/>\n10. Nelson Pellegrino (PT-BA)<br \/>\n11. Jutahy J\u00fanior (PSDB-BA)<br \/>\n12. Maria do Ros\u00e1rio (PT-RS)<br \/>\n13. Felipe Maia (DEM-RN)<br \/>\n14. \u00d4nix Lorenzoni (DEM-RS)<br \/>\n15. Jarbas Vasconcelos (PMDB-PE)<br \/>\n16. Vicentinho (PT-SP)<br \/>\n17. Arthur Oliveira Maia (PPS-BA)<br \/>\n18. Yeda Crusius (PSDB-RS)<br \/>\n19. Paulo Henrique Lustosa (PP-CE)<br \/>\n20. Jos\u00e9 Reinaldo (PSB-MA)<br \/>\n21. Jo\u00e3o Paulo Papa (PSDB-SP)<br \/>\n22. Vander Loubet (PT-MS)<br \/>\n23. Rodrigo Garcia (DEM-SP)<br \/>\n24. Cac\u00e1 Le\u00e3o (PP-BA)<br \/>\n25. Celso Russomano (PRB-SP)<br \/>\n26. Dimas Fabiano Toledo (PP-MG)<br \/>\n27. Pedro Paulo (PMDB-RJ)<br \/>\n28. L\u00facio Vieira Lima (PDMB-BA)<br \/>\n29. Paes Landim (PTB-PI)<br \/>\n30. Daniel Vilela (PMDB-GO)<br \/>\n31. Alfredo Nascimento (PR-AM)<br \/>\n32. Zeca Dirceu (PT-SP)<br \/>\n33. Betinho Gomes (PSDB-PE)<br \/>\n34. Zeca do PT (PT-MS)<br \/>\n35. Vicente C\u00e2ndido (PT-SP)<br \/>\n36. J\u00falio Lopes (PP-RJ)<br \/>\n37. F\u00e1bio Faria (PSD-RN)<br \/>\n38. Her\u00e1clito Fortes (PSB-PI)<br \/>\n39. Beto Mansur (PRB-SP)<br \/>\n40. Ant\u00f4nio Brito (PSD-BA)<br \/>\n41. D\u00e9cio Lima (PT-SC)<br \/>\n42. Arlindo Chinaglia (PT-SP)<\/p>\n<p><strong>VER PRIMEIRO<\/strong><\/p>\n<p><strong>Receba as not\u00edcias do Aconteceu no Vale em primeira m\u00e3o. Clique em curtir no endere\u00e7o <a href=\"https:\/\/www.facebook.com\/aconteceunovale\" target=\"_blank\"><font color=\"red\">www.facebook.com\/aconteceunovale<\/font><\/a> ou no box abaixo:<\/strong><\/p>\n<div class=\"fb-like\" data-href=\"https:\/\/www.facebook.com\/aconteceunovale\" data-width=\"120\" data-layout=\"standard\" data-action=\"like\" data-size=\"small\" data-show-faces=\"true\" data-share=\"true\"><\/div>\n<p><\/br><\/p>\n<p><em>(Fonte: Ag\u00eancia Brasil \/ *Informa\u00e7\u00f5es atualizadas \u00e0s 21h55)<\/em><\/p>\n","protected":false},"excerpt":{"rendered":"<p>O ministro do Supremo Tribunal Federal (STF) Edson Fachin\u00a0autorizou abertura de investiga\u00e7\u00e3o\u00a0contra oito ministros do governo federal, tr\u00eas governadores, 24 senadores e 42 deputados federais. Todos foram citados nos depoimentos de dela\u00e7\u00e3o premiada de ex-diretores da empreiteira Odebrecht, no \u00e2mbito da Opera\u00e7\u00e3o Lava Jato. O ministro Tribunal de Contas da Uni\u00e3o (TCU) Vital do R\u00eago [&hellip;]<\/p>\n","protected":false},"author":1,"featured_media":112451,"comment_status":"open","ping_status":"closed","sticky":false,"template":"","format":"standard","meta":{"amp_status":"","footnotes":""},"categories":[6,40240],"tags":[145573,145552,145572,145551,145564,145563,145565,145559,1018,77983,145561,145557,145555,145554,145553,145566,138137,145562,145568,145558,145570,145569,145567,145556,145550,145560,145571],"class_list":["post-112450","post","type-post","status-publish","format-standard","has-post-thumbnail","hentry","category-br","category-politica-2","tag-24-senadores-e-42-deputados","tag-29-senadores-e-42-deputados","tag-8-ministros","tag-9-ministros","tag-aecio-neves-na-lista-da-lava-jato","tag-aliados-de-temer-na-lista-da-lava-jato","tag-anastasia-na-lista-da-lava-jato","tag-deputados-na-lista-da-lava-jato","tag-destaque","tag-edson-fachin","tag-governadores-na-lista-da-lava-jato","tag-inclusos-na-lista-da-lava-jato","tag-investigados-na-lava-jato","tag-lista-de-investigados-na-lava-jato","tag-lista-relator-da-lava-jato","tag-mineiros-da-lista-da-lava-jato","tag-ministro-edson-fachin","tag-ministros-na-lista-da-lava-jato","tag-na-lista-da-lava-jato","tag-nomes-da-lista-da-lava-jato","tag-politicos-de-minas-gerais-na-lista-da-lava-jato","tag-politicos-mineiros-na-lista-da-lava-jato","tag-politicos-na-lista-da-lava-jato","tag-quem-esta-na-lista-da-lava-jato","tag-relator-da-lava-jato-manda-investigar-3-governadores","tag-senadores-na-lista-da-lava-jato","tag-stf-vai-investigar-3-governadores"],"_links":{"self":[{"href":"https:\/\/aconteceunovale.com.br\/portal\/index.php?rest_route=\/wp\/v2\/posts\/112450","targetHints":{"allow":["GET"]}}],"collection":[{"href":"https:\/\/aconteceunovale.com.br\/portal\/index.php?rest_route=\/wp\/v2\/posts"}],"about":[{"href":"https:\/\/aconteceunovale.com.br\/portal\/index.php?rest_route=\/wp\/v2\/types\/post"}],"author":[{"embeddable":true,"href":"https:\/\/aconteceunovale.com.br\/portal\/index.php?rest_route=\/wp\/v2\/users\/1"}],"replies":[{"embeddable":true,"href":"https:\/\/aconteceunovale.com.br\/portal\/index.php?rest_route=%2Fwp%2Fv2%2Fcomments&post=112450"}],"version-history":[{"count":0,"href":"https:\/\/aconteceunovale.com.br\/portal\/index.php?rest_route=\/wp\/v2\/posts\/112450\/revisions"}],"wp:featuredmedia":[{"embeddable":true,"href":"https:\/\/aconteceunovale.com.br\/portal\/index.php?rest_route=\/wp\/v2\/media\/112451"}],"wp:attachment":[{"href":"https:\/\/aconteceunovale.com.br\/portal\/index.php?rest_route=%2Fwp%2Fv2%2Fmedia&parent=112450"}],"wp:term":[{"taxonomy":"category","embeddable":true,"href":"https:\/\/aconteceunovale.com.br\/portal\/index.php?rest_route=%2Fwp%2Fv2%2Fcategories&post=112450"},{"taxonomy":"post_tag","embeddable":true,"href":"https:\/\/aconteceunovale.com.br\/portal\/index.php?rest_route=%2Fwp%2Fv2%2Ftags&post=112450"}],"curies":[{"name":"wp","href":"https:\/\/api.w.org\/{rel}","templated":true}]}}