{"id":112445,"date":"2017-04-11T21:59:37","date_gmt":"2017-04-11T23:59:37","guid":{"rendered":"http:\/\/aconteceunovale.com.br\/portal\/?p=112445"},"modified":"2017-04-13T23:41:51","modified_gmt":"2017-04-14T01:41:51","slug":"policia-civil-esclarece-assassinato-de-trabalhador-rural-em-governador-valadares","status":"publish","type":"post","link":"https:\/\/aconteceunovale.com.br\/portal\/?p=112445","title":{"rendered":"Pol\u00edcia Civil esclarece assassinato de trabalhador rural em Governador Valadares"},"content":{"rendered":"<p>A Pol\u00edcia Civil de Minas Gerais (PCMG), por meio da Delegacia de Crimes Contra a Vida e Pessoas Desaparecidas (DCCV) de Governador Valadares, apresentou, nesta ter\u00e7a-feira (11\/04\/2017), detalhes sobre as investiga\u00e7\u00f5es que apuram o homic\u00eddio de Maur\u00edcio Rodrigues dos Santos, de 45 anos. O crime ocorreu em 8 de mar\u00e7o no Distrito de Pontal.<\/p>\n<p>Preso e interrogado na noite da \u00faltima sexta-feira (07), o principal suspeito, Farley Honorato Mendes, de 24 anos, confessou ter dado golpes de capacete e facadas na v\u00edtima. Farley alegou que ofereceu carona para Maur\u00edcio at\u00e9 Pontal e durante o trajeto foi amea\u00e7ado com uma faca. <\/p>\n<p>As investiga\u00e7\u00f5es, por outro lado, apontaram que a v\u00edtima tinha R$1.400 na data dos fatos e esse dinheiro era para Maur\u00edcio repassar ao gerente da fazenda onde trabalhava. Ocorre, por\u00e9m, que a quantia n\u00e3o foi encontrada e, ao que tudo indica, teria sido subtra\u00edda pelo suspeito.<\/p>\n<p>De acordo com o Delegado Gean Vitor Fanti, \u201ch\u00e1 fortes ind\u00edcios de que, na verdade, tenha ocorrido um latroc\u00ednio, haja vista que, conforme estudo de vida pregressa da v\u00edtima, descobrimos que ela n\u00e3o era uma pessoa agressiva. Inclusive, quando estava sob o efeito de \u00e1lcool, era uma pessoa engra\u00e7ada e n\u00e3o tinha passagens por agress\u00e3o a terceiros, etc. Tratava-se de uma pessoa de confian\u00e7a, tanto que o patr\u00e3o lhe entregou o dinheiro para o repasse ao gerente da fazenda\u201d.<\/p>\n<p>O rapaz, que confessou o crime de homic\u00eddio, permanece no pres\u00eddio local \u00e0 disposi\u00e7\u00e3o da justi\u00e7a.<\/p>\n<p><img decoding=\"async\" src=\"http:\/\/aconteceunovale.com.br\/portal\/wp-content\/uploads\/2017\/04\/delegado_jean_fanti.jpg\" alt=\"\" \/><em>Coletiva com o delegado Gean Fanti (Foto: Divulga\u00e7\u00e3o\/PCMG)<\/em><br \/>\n<\/br><\/p>\n<p><strong>VER PRIMEIRO<\/strong><\/p>\n<p><strong>Receba as not\u00edcias do Aconteceu no Vale em primeira m\u00e3o. Clique em curtir no endere\u00e7o <a href=\"https:\/\/www.facebook.com\/aconteceunovale\" target=\"_blank\"><font color=\"red\">www.facebook.com\/aconteceunovale<\/font><\/a> ou no box abaixo:<\/strong><\/p>\n<div class=\"fb-like\" data-href=\"https:\/\/www.facebook.com\/aconteceunovale\" data-width=\"120\" data-layout=\"standard\" data-action=\"like\" data-size=\"small\" data-show-faces=\"true\" data-share=\"true\"><\/div>\n<p><\/br><\/p>\n<p><em>(Fonte: PCMG)<\/em><\/p>\n","protected":false},"excerpt":{"rendered":"<p>A Pol\u00edcia Civil de Minas Gerais (PCMG), por meio da Delegacia de Crimes Contra a Vida e Pessoas Desaparecidas (DCCV) de Governador Valadares, apresentou, nesta ter\u00e7a-feira (11\/04\/2017), detalhes sobre as investiga\u00e7\u00f5es que apuram o homic\u00eddio de Maur\u00edcio Rodrigues dos Santos, de 45 anos. O crime ocorreu em 8 de mar\u00e7o no Distrito de Pontal. Preso [&hellip;]<\/p>\n","protected":false},"author":1,"featured_media":111828,"comment_status":"open","ping_status":"closed","sticky":false,"template":"","format":"standard","meta":{"amp_status":"","footnotes":""},"categories":[121],"tags":[8179,129473,145795,247,8180,31536,43038,42590,144639,145542,144642],"class_list":["post-112445","post","type-post","status-publish","format-standard","has-post-thumbnail","hentry","category-leste","tag-assassinato-em-governador-valadares","tag-delegado-gean-fanti","tag-farley-honorato-mendes","tag-governador-valadares","tag-homicidio-em-governador-valadares","tag-mauricio-rodrigues-dos-santos","tag-morto-em-governador-valadares","tag-policia-civil-de-governador-valadares","tag-policia-civil-de-minas-gerais-em-governador-valadares","tag-policia-civil-esclarece-assassinato-de-trabalhador-rural-em-governador-valadares","tag-policia-civil-esclarece-homicidio-em-governador-valadares"],"_links":{"self":[{"href":"https:\/\/aconteceunovale.com.br\/portal\/index.php?rest_route=\/wp\/v2\/posts\/112445","targetHints":{"allow":["GET"]}}],"collection":[{"href":"https:\/\/aconteceunovale.com.br\/portal\/index.php?rest_route=\/wp\/v2\/posts"}],"about":[{"href":"https:\/\/aconteceunovale.com.br\/portal\/index.php?rest_route=\/wp\/v2\/types\/post"}],"author":[{"embeddable":true,"href":"https:\/\/aconteceunovale.com.br\/portal\/index.php?rest_route=\/wp\/v2\/users\/1"}],"replies":[{"embeddable":true,"href":"https:\/\/aconteceunovale.com.br\/portal\/index.php?rest_route=%2Fwp%2Fv2%2Fcomments&post=112445"}],"version-history":[{"count":0,"href":"https:\/\/aconteceunovale.com.br\/portal\/index.php?rest_route=\/wp\/v2\/posts\/112445\/revisions"}],"wp:featuredmedia":[{"embeddable":true,"href":"https:\/\/aconteceunovale.com.br\/portal\/index.php?rest_route=\/wp\/v2\/media\/111828"}],"wp:attachment":[{"href":"https:\/\/aconteceunovale.com.br\/portal\/index.php?rest_route=%2Fwp%2Fv2%2Fmedia&parent=112445"}],"wp:term":[{"taxonomy":"category","embeddable":true,"href":"https:\/\/aconteceunovale.com.br\/portal\/index.php?rest_route=%2Fwp%2Fv2%2Fcategories&post=112445"},{"taxonomy":"post_tag","embeddable":true,"href":"https:\/\/aconteceunovale.com.br\/portal\/index.php?rest_route=%2Fwp%2Fv2%2Ftags&post=112445"}],"curies":[{"name":"wp","href":"https:\/\/api.w.org\/{rel}","templated":true}]}}