{"id":112403,"date":"2017-04-11T12:01:48","date_gmt":"2017-04-11T14:01:48","guid":{"rendered":"http:\/\/aconteceunovale.com.br\/portal\/?p=112403"},"modified":"2017-04-11T12:01:48","modified_gmt":"2017-04-11T14:01:48","slug":"acidentes-deixam-um-morto-e-ao-menos-cinco-feridos-em-municipios-do-norte-de-minas","status":"publish","type":"post","link":"https:\/\/aconteceunovale.com.br\/portal\/?p=112403","title":{"rendered":"Acidentes deixam um morto e ao menos cinco feridos em munic\u00edpios do Norte de Minas"},"content":{"rendered":"<p>Uma mulher de 35 anos ficou ferida em um acidente de tr\u00e2nsito na MG-122, pr\u00f3ximo a Capit\u00e3o En\u00e9as, na noite dessa segunda-feira (10\/04\/2017). De acordo com a Assessoria de Comunica\u00e7\u00e3o do Samu Macro Norte, a v\u00edtima conduzia um carro quando o pneu dianteiro estourou. Em seguida, o ve\u00edculo rodou v\u00e1rias vezes na pista, bateu na lateral de um caminh\u00e3o e capotou. <\/p>\n<p>Ainda segundo o Samu Macro Norte, a v\u00edtima sofreu algumas escoria\u00e7\u00f5es e foi levada para o Hospital Regional de Jana\u00faba. Ela estava sozinha no momento do acidente.<\/p>\n<p><img decoding=\"async\" src=\"http:\/\/aconteceunovale.com.br\/portal\/wp-content\/uploads\/2017\/04\/acidente_capitao_1.jpg\" alt=\"\" \/><em>Ve\u00edculo capotou ap\u00f3s pneu estourar (Foto: Evellin Nascimento\/Ascom CISRUN)<\/em><br \/>\n<\/br><\/p>\n<p><strong>Acidente entre motos em Gr\u00e3o Mogol<\/strong><\/p>\n<p>E em Gr\u00e3o Mogol, um homem de 29 anos morreu em um acidente entre duas motocicletas nesta segunda-feira (10). De acordo com a Pol\u00edcia Militar, os ve\u00edculos bateram de frente em uma estrada rural. O outro condutor, de 20 anos, foi socorrido at\u00e9 um hospital de Francisco S\u00e1, consciente, por pessoas que passaram pelo acidente. Segundo a pol\u00edcia, a v\u00edtima, de 29 anos, estava sem o capacete e o motociclista que ficou ferido era inabilitado.<\/p>\n<p>Para a pol\u00edcia, ele contou que transitava da Comunidade de Vila S\u00edtio sentido Barroc\u00e3o quando foi surpreendido pela outra motocicleta que seguia no sentido contr\u00e1rio. Ele foi socorrido at\u00e9 o hospital e depois conduzido at\u00e9 a delegacia de Montes Claros.<\/p>\n<p><strong>Ocorr\u00eancia na BR-365<\/strong><\/p>\n<p>Ainda nesta segunda-feira (10), um rapaz de 18 anos foi socorrido pelo Corpo de Bombeiros depois de cair da bicicleta enquanto \u2018pegava carona\u2019 na traseira de um caminh\u00e3o que seguia na BR-365, em Montes Claros.<\/p>\n<p>Para os bombeiros, testemunhas que presenciaram o acidente, disseram que o rapaz estava segurando na traseira do caminh\u00e3o quando perdeu o controle da bicicleta, bateu a cabe\u00e7a na traseira do ve\u00edculo e caiu na pista.<\/p>\n<p>De acordo com os bombeiros, o condutor do caminh\u00e3o n\u00e3o percebeu o acidente e seguiu na rodovia. O rapaz foi socorrido at\u00e9 um hospital da cidade com corte na face e escoria\u00e7\u00f5es no ombro.<\/p>\n<p><strong>Colis\u00e3o entre carro e moto na Vila Telma<\/strong><\/p>\n<p>Duas pessoas ficaram feridas em uma colis\u00e3o entre um carro e uma moto por volta das 20h, de segunda-feira (10), na Vila Telma. As v\u00edtimas da motocicleta tiveram ferimentos leves e foram levadas para o Hospital Universit\u00e1rio.<\/p>\n<p><strong>Atendimentos do Samu Macro Norte<\/strong><\/p>\n<p>As unidades do SAMU Macro Norte receberam 1.620 liga\u00e7\u00f5es no intervalo de 6h da manh\u00e3 do dia 10\/04 \u00e0s 6h da manh\u00e3 do dia 11\/04. Foram realizados 99 atendimentos em toda a Macro Norte.<\/p>\n<p>Na Macro Norte foram: 61 casos cl\u00ednicos, 13 atendimentos de tr\u00e2nsito (6 envolvendo moto), 3 atendimentos psiqui\u00e1tricos, 9 casos de queda da pr\u00f3pria altura, e 6 atendimentos a gestantes.<\/p>\n<p>Em Montes Claros foram: 14 casos cl\u00ednicos, 7 atendimentos de tr\u00e2nsito (2 envolvendo moto), 2 atendimentos psiqui\u00e1tricos, 4 casos de queda da pr\u00f3pria altura, e 4 atendimentos a gestantes.<\/p>\n<p><strong>VER PRIMEIRO<\/strong><\/p>\n<p><strong>Receba as not\u00edcias do Aconteceu no Vale em primeira m\u00e3o. Clique em curtir no endere\u00e7o <a href=\"https:\/\/www.facebook.com\/aconteceunovale\" target=\"_blank\"><font color=\"red\">www.facebook.com\/aconteceunovale<\/font><\/a> ou no box abaixo:<\/strong><\/p>\n<div class=\"fb-like\" data-href=\"https:\/\/www.facebook.com\/aconteceunovale\" data-width=\"120\" data-layout=\"standard\" data-action=\"like\" data-size=\"small\" data-show-faces=\"true\" data-share=\"true\"><\/div>\n<p><\/br><\/p>\n<p><em>(Com informa\u00e7\u00f5es do G1 Grande Minas e Ascom do Samu Macro Norte)<\/em><\/p>\n","protected":false},"excerpt":{"rendered":"<p>Uma mulher de 35 anos ficou ferida em um acidente de tr\u00e2nsito na MG-122, pr\u00f3ximo a Capit\u00e3o En\u00e9as, na noite dessa segunda-feira (10\/04\/2017). De acordo com a Assessoria de Comunica\u00e7\u00e3o do Samu Macro Norte, a v\u00edtima conduzia um carro quando o pneu dianteiro estourou. Em seguida, o ve\u00edculo rodou v\u00e1rias vezes na pista, bateu na [&hellip;]<\/p>\n","protected":false},"author":1,"featured_media":112404,"comment_status":"open","ping_status":"closed","sticky":false,"template":"","format":"standard","meta":{"amp_status":"","footnotes":""},"categories":[1236],"tags":[145483,100493,26608,145484,145485,1429,145482,22050,22051,1018,1153,57912,204,4040],"class_list":["post-112403","post","type-post","status-publish","format-standard","has-post-thumbnail","hentry","category-norte_de_minas","tag-acidente-com-carro-em-capitao-eneas","tag-acidente-em-capitao-eneas","tag-acidente-em-grao-mogol","tag-acidente-entre-motos-em-grao-mogol","tag-acidentes-deixam-um-morto-e-ao-menos-cinco-feridos-em-municipios-do-norte-de-minas","tag-capitao-eneas","tag-capotamento-de-carro-em-capitao-eneas","tag-cisrun","tag-consorcio-intermunicipal-de-saude-da-rede-de-urgencia-do-norte-de-minas","tag-destaque","tag-grao-mogol","tag-hospital-regional-de-janauba","tag-janauba","tag-samu-macro-norte"],"_links":{"self":[{"href":"https:\/\/aconteceunovale.com.br\/portal\/index.php?rest_route=\/wp\/v2\/posts\/112403","targetHints":{"allow":["GET"]}}],"collection":[{"href":"https:\/\/aconteceunovale.com.br\/portal\/index.php?rest_route=\/wp\/v2\/posts"}],"about":[{"href":"https:\/\/aconteceunovale.com.br\/portal\/index.php?rest_route=\/wp\/v2\/types\/post"}],"author":[{"embeddable":true,"href":"https:\/\/aconteceunovale.com.br\/portal\/index.php?rest_route=\/wp\/v2\/users\/1"}],"replies":[{"embeddable":true,"href":"https:\/\/aconteceunovale.com.br\/portal\/index.php?rest_route=%2Fwp%2Fv2%2Fcomments&post=112403"}],"version-history":[{"count":0,"href":"https:\/\/aconteceunovale.com.br\/portal\/index.php?rest_route=\/wp\/v2\/posts\/112403\/revisions"}],"wp:featuredmedia":[{"embeddable":true,"href":"https:\/\/aconteceunovale.com.br\/portal\/index.php?rest_route=\/wp\/v2\/media\/112404"}],"wp:attachment":[{"href":"https:\/\/aconteceunovale.com.br\/portal\/index.php?rest_route=%2Fwp%2Fv2%2Fmedia&parent=112403"}],"wp:term":[{"taxonomy":"category","embeddable":true,"href":"https:\/\/aconteceunovale.com.br\/portal\/index.php?rest_route=%2Fwp%2Fv2%2Fcategories&post=112403"},{"taxonomy":"post_tag","embeddable":true,"href":"https:\/\/aconteceunovale.com.br\/portal\/index.php?rest_route=%2Fwp%2Fv2%2Ftags&post=112403"}],"curies":[{"name":"wp","href":"https:\/\/api.w.org\/{rel}","templated":true}]}}