{"id":112317,"date":"2017-04-10T00:28:11","date_gmt":"2017-04-10T02:28:11","guid":{"rendered":"http:\/\/aconteceunovale.com.br\/portal\/?p=112317"},"modified":"2017-04-10T00:28:11","modified_gmt":"2017-04-10T02:28:11","slug":"carro-e-micro-onibus-colidem-frontalmente-no-municipio-de-itambacuri","status":"publish","type":"post","link":"https:\/\/aconteceunovale.com.br\/portal\/?p=112317","title":{"rendered":"Carro e micro-\u00f4nibus colidem frontalmente no munic\u00edpio de Itambacuri"},"content":{"rendered":"<p>A colis\u00e3o frontal entre um autom\u00f3vel e um ve\u00edculo coletivo deixou v\u00e1rias pessoas feridas nesse s\u00e1bado, 8 de abril, pr\u00f3ximo ao Povoado de S\u00e3o Jos\u00e9 do Fortuna, munic\u00edpio de Itambacuri (MG). Segundo informa\u00e7\u00f5es da Pol\u00edcia Militar, o micro-\u00f4nibus transportava feirantes do Mercado Municipal da cidade.<\/p>\n<p>As v\u00edtimas foram socorridas com escoria\u00e7\u00f5es leves. Tr\u00eas ambul\u00e2ncias foram mobilizadas para o atendimento aos feridos. <\/p>\n<p><img decoding=\"async\" src=\"http:\/\/aconteceunovale.com.br\/portal\/wp-content\/uploads\/2017\/04\/acidente_itambacuri_1.jpeg\" alt=\"\" \/><\/p>\n<p><img decoding=\"async\" src=\"http:\/\/aconteceunovale.com.br\/portal\/wp-content\/uploads\/2017\/04\/acidente_itambacuri_2.jpeg\" alt=\"\" \/><\/p>\n<p><img decoding=\"async\" src=\"http:\/\/aconteceunovale.com.br\/portal\/wp-content\/uploads\/2017\/04\/acidente_itambacuri_3.jpeg\" alt=\"\" \/><\/p>\n<p><img decoding=\"async\" src=\"http:\/\/aconteceunovale.com.br\/portal\/wp-content\/uploads\/2017\/04\/acidente_itambacuri_4.jpeg\" alt=\"\" \/><\/p>\n<p><img decoding=\"async\" src=\"http:\/\/aconteceunovale.com.br\/portal\/wp-content\/uploads\/2017\/04\/acidente_itambacuri_5.jpeg\" alt=\"\" \/><\/p>\n<p><strong>VER PRIMEIRO<\/strong><\/p>\n<p><strong>Receba as not\u00edcias do Aconteceu no Vale em primeira m\u00e3o. Clique em curtir no endere\u00e7o <a href=\"https:\/\/www.facebook.com\/aconteceunovale\" target=\"_blank\"><font color=\"red\">www.facebook.com\/aconteceunovale<\/font><\/a> ou no box abaixo:<\/strong><\/p>\n<div class=\"fb-like\" data-href=\"https:\/\/www.facebook.com\/aconteceunovale\" data-width=\"120\" data-layout=\"standard\" data-action=\"like\" data-size=\"small\" data-show-faces=\"true\" data-share=\"true\"><\/div>\n<p><\/br><\/p>\n<p><em>(Fotos enviadas para o WhatsApp do Aconteceu no Vale)<\/em><\/p>\n","protected":false},"excerpt":{"rendered":"<p>A colis\u00e3o frontal entre um autom\u00f3vel e um ve\u00edculo coletivo deixou v\u00e1rias pessoas feridas nesse s\u00e1bado, 8 de abril, pr\u00f3ximo ao Povoado de S\u00e3o Jos\u00e9 do Fortuna, munic\u00edpio de Itambacuri (MG). Segundo informa\u00e7\u00f5es da Pol\u00edcia Militar, o micro-\u00f4nibus transportava feirantes do Mercado Municipal da cidade. As v\u00edtimas foram socorridas com escoria\u00e7\u00f5es leves. Tr\u00eas ambul\u00e2ncias foram [&hellip;]<\/p>\n","protected":false},"author":1,"featured_media":112318,"comment_status":"open","ping_status":"closed","sticky":false,"template":"","format":"standard","meta":{"amp_status":"","footnotes":""},"categories":[121],"tags":[145392,46962,145389,145391,145390,145388,188,1440],"class_list":["post-112317","post","type-post","status-publish","format-standard","has-post-thumbnail","hentry","category-leste","tag-acidente-com-ronin-gesseiro","tag-acidente-em-itambacuri","tag-acidente-no-municipio-de-itambacuri","tag-acidente-onibus-tuzinho-em-itambacuri","tag-acidente-perto-de-sao-jose-do-fortuna","tag-carro-e-micro-onibus-colidem-frontalmente-no-municipio-de-itambacuri","tag-itambacuri","tag-sao-jose-do-fortuna"],"_links":{"self":[{"href":"https:\/\/aconteceunovale.com.br\/portal\/index.php?rest_route=\/wp\/v2\/posts\/112317","targetHints":{"allow":["GET"]}}],"collection":[{"href":"https:\/\/aconteceunovale.com.br\/portal\/index.php?rest_route=\/wp\/v2\/posts"}],"about":[{"href":"https:\/\/aconteceunovale.com.br\/portal\/index.php?rest_route=\/wp\/v2\/types\/post"}],"author":[{"embeddable":true,"href":"https:\/\/aconteceunovale.com.br\/portal\/index.php?rest_route=\/wp\/v2\/users\/1"}],"replies":[{"embeddable":true,"href":"https:\/\/aconteceunovale.com.br\/portal\/index.php?rest_route=%2Fwp%2Fv2%2Fcomments&post=112317"}],"version-history":[{"count":0,"href":"https:\/\/aconteceunovale.com.br\/portal\/index.php?rest_route=\/wp\/v2\/posts\/112317\/revisions"}],"wp:featuredmedia":[{"embeddable":true,"href":"https:\/\/aconteceunovale.com.br\/portal\/index.php?rest_route=\/wp\/v2\/media\/112318"}],"wp:attachment":[{"href":"https:\/\/aconteceunovale.com.br\/portal\/index.php?rest_route=%2Fwp%2Fv2%2Fmedia&parent=112317"}],"wp:term":[{"taxonomy":"category","embeddable":true,"href":"https:\/\/aconteceunovale.com.br\/portal\/index.php?rest_route=%2Fwp%2Fv2%2Fcategories&post=112317"},{"taxonomy":"post_tag","embeddable":true,"href":"https:\/\/aconteceunovale.com.br\/portal\/index.php?rest_route=%2Fwp%2Fv2%2Ftags&post=112317"}],"curies":[{"name":"wp","href":"https:\/\/api.w.org\/{rel}","templated":true}]}}