{"id":112028,"date":"2017-04-05T22:38:44","date_gmt":"2017-04-06T00:38:44","guid":{"rendered":"http:\/\/aconteceunovale.com.br\/portal\/?p=112028"},"modified":"2017-04-05T22:38:44","modified_gmt":"2017-04-06T00:38:44","slug":"gastronomia-mineira-conquista-visitantes-no-principal-evento-de-viagens-e-turismo-da-america-latina","status":"publish","type":"post","link":"https:\/\/aconteceunovale.com.br\/portal\/?p=112028","title":{"rendered":"Gastronomia mineira conquista visitantes no principal evento de viagens e turismo da Am\u00e9rica Latina"},"content":{"rendered":"<p>O principal evento latino-americano do setor de turismo e viagens, a WTM Latin America, est\u00e1 em andamento, mas Minas Gerais j\u00e1 conquistou os visitantes pelo est\u00f4mago. \u00c9 o que informa a Secretaria de Estado de Turismo de Minas Gerais (Setur-MG), ap\u00f3s apresentar alguns produtos mineiros no espa\u00e7o de experi\u00eancias da Associa\u00e7\u00e3o Brasileira das Operadoras de Turismo (Braztoa), na feira.<\/p>\n<p>O premiado queijo artesanal de Alagoa (Territ\u00f3rio Sul), os caf\u00e9s especiais de Araguari (Territ\u00f3rio Tri\u00e2ngulo Norte), os vinhos de Andradas (Territ\u00f3rio Sul) e as delicias da regi\u00e3o de Brumadinho (Territ\u00f3rio Metropolitano), como cacha\u00e7a, licores, broa com geleia de pimenta, torresmos e raspas de laranja foram os produtos apresentados ao p\u00fablico deste que, segundo a Setur-MG, \u00e9 considerado o principal evento no segmento de viagens e turismo no continente latino-americano.<\/p>\n<p>Moradora de S\u00e3o Paulo, Ana Rafaela \u00e9 propriet\u00e1ria de uma ag\u00eancia de viagens. Na feira, ficou completamente encantada com o queijo artesanal. \u201cNunca comi um queijo t\u00e3o gostoso assim. Que sabor, que textura! Vou encomendar com certeza um bem grande para minha casa\u201d, destaca a empres\u00e1ria paulistana, que tamb\u00e9m afirma ser apaixonada por Minas Gerais. \u201cTenho uma tia que mora l\u00e1, adoro quando vou ao estado e tem aquele tanto de quitutes na mesa do caf\u00e9. Essa gastronomia \u00e9 a melhor do Brasil, em minha opini\u00e3o\u201d, acrescenta.<\/p>\n<p>Al\u00e9m do espa\u00e7o para apresenta\u00e7\u00e3o da gastronomia mineira, a Setur-MG tamb\u00e9m est\u00e1 com um estande para apresentar todas as regi\u00f5es tur\u00edsticas do estado. Este trabalho de apresenta\u00e7\u00e3o ocorre juntamente com alguns parceiros, como circuitos tur\u00edsticos, Instituto Estadual de Florestas (IEF), Mercado Central, Belotur, Frente da Gastronomia Mineira e empresas de receptivo tur\u00edstico do Minas Recebe (Beaga 4you, Brumatur Viagens, D\u2019Minas Turismo, Flanar Turismo, Kopa Turismo, Primotur Receptivo, Sette Turismo, Trilhas de Minas). <\/p>\n<p>A equipe da secretaria, presente no evento, est\u00e1 atenta, ainda, a todas as inova\u00e7\u00f5es do setor, por meio de palestras e reuni\u00f5es com importantes representantes do Turismo da Am\u00e9rica Latina. Para o secret\u00e1rio de Estado de Turismo, Ricardo Faria, essa a\u00e7\u00e3o representa muito para o segmento. \u201cUm evento desse porte deve ser bem aproveitado para promo\u00e7\u00e3o do destino, por isso fazemos um grande esfor\u00e7o para realizar diversas ativa\u00e7\u00f5es promocionais com o objetivo de mostrarmos a diversidade de produtos do nosso estado&#8221;, apontou.<\/p>\n<p><img decoding=\"async\" src=\"http:\/\/aconteceunovale.com.br\/portal\/wp-content\/uploads\/2017\/04\/gastronomia_mineira_1.jpg\" alt=\"\" \/><em>O premiado queijo artesanal de Alagoa (Foto: Divulga\u00e7\u00e3o\/Setur-MG)<\/em><br \/>\n<\/br><\/p>\n<p><strong>WTM Latin America<\/strong><\/p>\n<p>Principal evento no segmento de viagens e turismo no continente latino-americano, a WTM completa cinco anos em 2017 e se consolida como o evento business-to-business que promove e traz o mundo para a Am\u00e9rica Latina, gerando oportunidade de neg\u00f3cios para expositores, compradores e profissionais do setor.<\/p>\n<p>A feira atrai 9.000 executivos dos mais conceituados na ind\u00fastria de turismo da America Latina. Em 2016, o evento gerou mais de US$ 370 milh\u00f5es em novos neg\u00f3cios, que foram realizados entre expositores e compradores.<\/p>\n<p>O evento segue com programa\u00e7\u00e3o at\u00e9 quinta-feira (6\/4), das 12h \u00e0s 20h, no ExpoCenter Norte, em S\u00e3o Paulo\/SP.<\/p>\n<p><img decoding=\"async\" src=\"http:\/\/aconteceunovale.com.br\/portal\/wp-content\/uploads\/2017\/04\/gastronomia_mineira_2.jpg\" alt=\"\" \/><em>Minas no principal evento de viagens e turismo da Am\u00e9rica Latina (Foto: Divulga\u00e7\u00e3o\/Setur-MG)<\/em><br \/>\n<\/br><\/p>\n<p><img decoding=\"async\" src=\"http:\/\/aconteceunovale.com.br\/portal\/wp-content\/uploads\/2017\/04\/gastronomia_mineira_3.jpg\" alt=\"\" \/><em>Minas no principal evento de viagens e turismo da Am\u00e9rica Latina (Foto: Divulga\u00e7\u00e3o\/Setur-MG)<\/em><br \/>\n<\/br><\/p>\n<p><strong>VER PRIMEIRO<\/strong><\/p>\n<p><strong>Receba as not\u00edcias do Aconteceu no Vale em primeira m\u00e3o. Clique em curtir no endere\u00e7o <a href=\"https:\/\/www.facebook.com\/aconteceunovale\" target=\"_blank\"><font color=\"red\">www.facebook.com\/aconteceunovale<\/font><\/a> ou no box abaixo:<\/strong><\/p>\n<div class=\"fb-like\" data-href=\"https:\/\/www.facebook.com\/aconteceunovale\" data-width=\"120\" data-layout=\"standard\" data-action=\"like\" data-size=\"small\" data-show-faces=\"true\" data-share=\"true\"><\/div>\n<p><\/br><\/p>\n<p><em>(Fonte: Ag\u00eancia Minas)<\/em><\/p>\n","protected":false},"excerpt":{"rendered":"<p>O principal evento latino-americano do setor de turismo e viagens, a WTM Latin America, est\u00e1 em andamento, mas Minas Gerais j\u00e1 conquistou os visitantes pelo est\u00f4mago. \u00c9 o que informa a Secretaria de Estado de Turismo de Minas Gerais (Setur-MG), ap\u00f3s apresentar alguns produtos mineiros no espa\u00e7o de experi\u00eancias da Associa\u00e7\u00e3o Brasileira das Operadoras de [&hellip;]<\/p>\n","protected":false},"author":1,"featured_media":112029,"comment_status":"open","ping_status":"closed","sticky":false,"template":"","format":"standard","meta":{"amp_status":"","footnotes":""},"categories":[123,28848],"tags":[72239,144961,1549,1490,87103,144963,35308,87104,3679,144964,144958,144965,144960,1018,144966,144962,144971,748,144967,124854,144972,144973,144968,144956,144957,88470,144969,134916,144970,144959,144955,144954],"class_list":["post-112028","post","type-post","status-publish","format-standard","has-post-thumbnail","hentry","category-gerais","category-mundo","tag-alagoa","tag-ana-rafaela","tag-andradas","tag-araguari","tag-associacao-brasileira-das-operadoras-de-turismo","tag-beaga-4you","tag-belotur","tag-braztoa","tag-brumadinho","tag-brumatur-viagens","tag-cafes-especiais-de-araguari","tag-dminas-turismo","tag-delicias-da-regiao-de-brumadinho","tag-destaque","tag-flanar-turismo","tag-frente-da-gastronomia-mineira","tag-gastronomia-mineira-conquista-visitantes-no-principal-evento-de-viagens-e-turismo-da-america-latina","tag-ief","tag-kopa-turismo","tag-mercado-central","tag-mg-no-wtm","tag-minas-gerais-no-wtm","tag-primotur-receptivo","tag-principal-evento-latino-americano-do-setor-de-turismo-e-viagens","tag-queijo-artesanal-de-alagoa","tag-secretaria-de-estado-de-turismo-de-minas-gerais","tag-sette-turismo","tag-setur-mg","tag-trilhas-de-minas","tag-vinhos-de-andradas","tag-wtm","tag-wtm-latin-america"],"_links":{"self":[{"href":"https:\/\/aconteceunovale.com.br\/portal\/index.php?rest_route=\/wp\/v2\/posts\/112028","targetHints":{"allow":["GET"]}}],"collection":[{"href":"https:\/\/aconteceunovale.com.br\/portal\/index.php?rest_route=\/wp\/v2\/posts"}],"about":[{"href":"https:\/\/aconteceunovale.com.br\/portal\/index.php?rest_route=\/wp\/v2\/types\/post"}],"author":[{"embeddable":true,"href":"https:\/\/aconteceunovale.com.br\/portal\/index.php?rest_route=\/wp\/v2\/users\/1"}],"replies":[{"embeddable":true,"href":"https:\/\/aconteceunovale.com.br\/portal\/index.php?rest_route=%2Fwp%2Fv2%2Fcomments&post=112028"}],"version-history":[{"count":0,"href":"https:\/\/aconteceunovale.com.br\/portal\/index.php?rest_route=\/wp\/v2\/posts\/112028\/revisions"}],"wp:featuredmedia":[{"embeddable":true,"href":"https:\/\/aconteceunovale.com.br\/portal\/index.php?rest_route=\/wp\/v2\/media\/112029"}],"wp:attachment":[{"href":"https:\/\/aconteceunovale.com.br\/portal\/index.php?rest_route=%2Fwp%2Fv2%2Fmedia&parent=112028"}],"wp:term":[{"taxonomy":"category","embeddable":true,"href":"https:\/\/aconteceunovale.com.br\/portal\/index.php?rest_route=%2Fwp%2Fv2%2Fcategories&post=112028"},{"taxonomy":"post_tag","embeddable":true,"href":"https:\/\/aconteceunovale.com.br\/portal\/index.php?rest_route=%2Fwp%2Fv2%2Ftags&post=112028"}],"curies":[{"name":"wp","href":"https:\/\/api.w.org\/{rel}","templated":true}]}}